{"id":98,"date":"2022-03-03T09:45:35","date_gmt":"2022-03-03T12:45:35","guid":{"rendered":"http:\/\/escolamulticultural.com.br\/blog\/?p=98"},"modified":"2022-03-03T09:45:35","modified_gmt":"2022-03-03T12:45:35","slug":"criancas-com-necessidade-especial-no-aprendizado","status":"publish","type":"post","link":"https:\/\/escolamulticultural.com.br\/blog\/?p=98","title":{"rendered":"Crian\u00e7as com necessidade especial no aprendizado."},"content":{"rendered":"\n<p>Pessoas com defici\u00eancia intelectual ou cognitiva costumam apresentar dificuldades para resolver problemas, compreender ideias abstratas (tempo, dinheiro, piadas), estabelecer rela\u00e7\u00f5es sociais, compreender e obedecer a regras, e realizar atividades cotidianas.<\/p>\n\n\n\n<p>O professor \u00e9 capaz de identificar rapidamente o que o aluno n\u00e3o \u00e9 capaz de fazer. O melhor caminho para se trabalhar, no entanto, \u00e9 identificar as compet\u00eancias e habilidades que a crian\u00e7a j\u00e1 tem, e trabalhar a partir da\u00ed.<\/p>\n\n\n\n<p>\u00c9 preciso adaptar e parcelar o conte\u00fado, sua exposi\u00e7\u00e3o, seu tempo para a realiza\u00e7\u00e3o das atividades e estimular a ajuda dos colegas de sala.<\/p>\n\n\n\n<p>Outro ponto muito importante \u00e9 falar para o aluno com defici\u00eancia intelectual, previamente, o que ser\u00e1 necess\u00e1rio para realizar determinada tarefa e quais etapas devem ser seguidas. Essa atitude de avisar com anteced\u00eancia o que est\u00e1 previsto ocorrer em cada local, em cada momento, \u00e9 uma \u00f3tima pr\u00e1tica para todas as rela\u00e7\u00f5es sociais, evidenciando as poss\u00edveis varia\u00e7\u00f5es, consequ\u00eancias e solu\u00e7\u00f5es.<\/p>\n\n\n\n<p>Todas as pessoas com diversos n\u00edveis de defici\u00eancia s\u00e3o capazes de aprender e evoluir, s\u00f3 \u00e9 preciso dedica\u00e7\u00e3o para encontrar as formas e t\u00e9cnicas mais adequadas para cada caso.<\/p>\n\n\n\n<p>Se sua fam\u00edlia est\u00e1 vivendo ou conhece quem esteja vivendo essa situa\u00e7\u00e3o, pe\u00e7a ajuda profissional na escola, e \u00f3rg\u00e3os de sa\u00fade mental.<\/p>\n\n\n\n<p><a href=\"https:\/\/novaescola.org.br\/conteudo\/271\/o-que-e-deficiencia-intelectual\">https:\/\/novaescola.org.br\/conteudo\/271\/o-que-e-deficiencia-intelectual<\/a><\/p>\n","protected":false},"excerpt":{"rendered":"<p>Pessoas com defici\u00eancia intelectual ou cognitiva costumam apresentar dificuldades para resolver problemas, compreender ideias abstratas (tempo, dinheiro, piadas), estabelecer rela\u00e7\u00f5es<\/p>\n","protected":false},"author":1,"featured_media":99,"comment_status":"open","ping_status":"open","sticky":false,"template":"","format":"standard","meta":[],"categories":[1],"tags":[],"_links":{"self":[{"href":"https:\/\/escolamulticultural.com.br\/blog\/index.php?rest_route=\/wp\/v2\/posts\/98"}],"collection":[{"href":"https:\/\/escolamulticultural.com.br\/blog\/index.php?rest_route=\/wp\/v2\/posts"}],"about":[{"href":"https:\/\/escolamulticultural.com.br\/blog\/index.php?rest_route=\/wp\/v2\/types\/post"}],"author":[{"embeddable":true,"href":"https:\/\/escolamulticultural.com.br\/blog\/index.php?rest_route=\/wp\/v2\/users\/1"}],"replies":[{"embeddable":true,"href":"https:\/\/escolamulticultural.com.br\/blog\/index.php?rest_route=%2Fwp%2Fv2%2Fcomments&post=98"}],"version-history":[{"count":1,"href":"https:\/\/escolamulticultural.com.br\/blog\/index.php?rest_route=\/wp\/v2\/posts\/98\/revisions"}],"predecessor-version":[{"id":100,"href":"https:\/\/escolamulticultural.com.br\/blog\/index.php?rest_route=\/wp\/v2\/posts\/98\/revisions\/100"}],"wp:featuredmedia":[{"embeddable":true,"href":"https:\/\/escolamulticultural.com.br\/blog\/index.php?rest_route=\/wp\/v2\/media\/99"}],"wp:attachment":[{"href":"https:\/\/escolamulticultural.com.br\/blog\/index.php?rest_route=%2Fwp%2Fv2%2Fmedia&parent=98"}],"wp:term":[{"taxonomy":"category","embeddable":true,"href":"https:\/\/escolamulticultural.com.br\/blog\/index.php?rest_route=%2Fwp%2Fv2%2Fcategories&post=98"},{"taxonomy":"post_tag","embeddable":true,"href":"https:\/\/escolamulticultural.com.br\/blog\/index.php?rest_route=%2Fwp%2Fv2%2Ftags&post=98"}],"curies":[{"name":"wp","href":"https:\/\/api.w.org\/{rel}","templated":true}]}}