{"id":431,"date":"2026-02-03T09:33:57","date_gmt":"2026-02-03T12:33:57","guid":{"rendered":"https:\/\/escolamulticultural.com.br\/blog\/?p=431"},"modified":"2026-02-03T09:33:57","modified_gmt":"2026-02-03T12:33:57","slug":"habitar-a-escola-onde-infancia-afeto-e-parceria-constroem-o-ano-letivo","status":"publish","type":"post","link":"https:\/\/escolamulticultural.com.br\/blog\/?p=431","title":{"rendered":"Habitar a Escola: Onde Inf\u00e2ncia, Afeto e Parceria Constroem o Ano Letivo"},"content":{"rendered":"\n<p>Queridas fam\u00edlias:<\/p>\n\n\n\n<p>\u00c9 com grande alegria que nos reunimos para dar in\u00edcio a mais um ano letivo, um novo ciclo de encontros, descobertas e constru\u00e7\u00e3o conjunta. Este momento marca n\u00e3o apenas o come\u00e7o das atividades escolares, mas o fortalecimento de um v\u00ednculo essencial: a parceria entre escola e fam\u00edlia.<\/p>\n\n\n\n<p>Neste ano, nosso olhar se volta para o verbo <strong>habitar<\/strong><strong>.<\/strong> Habitar \u00e9 mais do que ocupar um espa\u00e7o; \u00e9 <strong>pertencer<\/strong>, criar la\u00e7os, estabelecer rela\u00e7\u00f5es de confian\u00e7a e sentir-se parte. Quando falamos em habitar a escola, falamos de um lugar vivo, atravessado por hist\u00f3rias, afetos, aprendizados e m\u00faltiplas linguagens da inf\u00e2ncia.<\/p>\n\n\n\n<p>Desejamos que cada crian\u00e7a possa habitar a escola com seguran\u00e7a, curiosidade e alegria, explorando os espa\u00e7os, criando v\u00ednculos, expressando sentimentos, investigando o mundo e construindo sua pr\u00f3pria forma de estar nele. Que a escola seja um territ\u00f3rio onde a inf\u00e2ncia seja respeitada em seu tempo, em suas pot\u00eancias e singularidades.<\/p>\n\n\n\n<p>Para que isso aconte\u00e7a, a presen\u00e7a da fam\u00edlia \u00e9 fundamental. Escola e fam\u00edlia n\u00e3o ocupam pap\u00e9is separados, mas <strong>complementares<\/strong>. Quando caminhamos juntos, alinhamos olhares, fortalecemos a escuta e constru\u00edmos uma rede de cuidado que sustenta o desenvolvimento integral das crian\u00e7as. Cada conversa, cada troca e cada parceria estabelecida amplia esse territ\u00f3rio comum que habitamos.<\/p>\n\n\n\n<p>Habitar tamb\u00e9m \u00e9 estar dispon\u00edvel ao di\u00e1logo, confiar, acolher diferen\u00e7as e construir combinados. \u00c9 compreender que educar \u00e9 um processo relacional, feito de presen\u00e7a, const\u00e2ncia e afeto. Ao escolherem o Multi Vila, voc\u00eas escolhem caminhar conosco, e n\u00f3s honramos essa escolha com compromisso, sensibilidade e dedica\u00e7\u00e3o.<\/p>\n\n\n\n<p>Agradecemos profundamente a confian\u00e7a depositada em nosso trabalho e a disponibilidade em estarem aqui. Que este ano seja marcado por encontros verdadeiros, rela\u00e7\u00f5es cuidadosas e experi\u00eancias.<\/p>\n\n\n\n<p>\u00c9 uma alegria imensa habitar este caminho juntos.<\/p>\n\n\n\n<p>Com carinho,<br><strong>Dire\u00e7\u00e3o e Equipe Pedag\u00f3gica<\/strong><\/p>\n","protected":false},"excerpt":{"rendered":"<p>Queridas fam\u00edlias: \u00c9 com grande alegria que nos reunimos para dar in\u00edcio a mais um ano letivo, um novo ciclo<\/p>\n","protected":false},"author":1,"featured_media":432,"comment_status":"open","ping_status":"open","sticky":false,"template":"","format":"standard","meta":[],"categories":[1],"tags":[],"_links":{"self":[{"href":"https:\/\/escolamulticultural.com.br\/blog\/index.php?rest_route=\/wp\/v2\/posts\/431"}],"collection":[{"href":"https:\/\/escolamulticultural.com.br\/blog\/index.php?rest_route=\/wp\/v2\/posts"}],"about":[{"href":"https:\/\/escolamulticultural.com.br\/blog\/index.php?rest_route=\/wp\/v2\/types\/post"}],"author":[{"embeddable":true,"href":"https:\/\/escolamulticultural.com.br\/blog\/index.php?rest_route=\/wp\/v2\/users\/1"}],"replies":[{"embeddable":true,"href":"https:\/\/escolamulticultural.com.br\/blog\/index.php?rest_route=%2Fwp%2Fv2%2Fcomments&post=431"}],"version-history":[{"count":1,"href":"https:\/\/escolamulticultural.com.br\/blog\/index.php?rest_route=\/wp\/v2\/posts\/431\/revisions"}],"predecessor-version":[{"id":433,"href":"https:\/\/escolamulticultural.com.br\/blog\/index.php?rest_route=\/wp\/v2\/posts\/431\/revisions\/433"}],"wp:featuredmedia":[{"embeddable":true,"href":"https:\/\/escolamulticultural.com.br\/blog\/index.php?rest_route=\/wp\/v2\/media\/432"}],"wp:attachment":[{"href":"https:\/\/escolamulticultural.com.br\/blog\/index.php?rest_route=%2Fwp%2Fv2%2Fmedia&parent=431"}],"wp:term":[{"taxonomy":"category","embeddable":true,"href":"https:\/\/escolamulticultural.com.br\/blog\/index.php?rest_route=%2Fwp%2Fv2%2Fcategories&post=431"},{"taxonomy":"post_tag","embeddable":true,"href":"https:\/\/escolamulticultural.com.br\/blog\/index.php?rest_route=%2Fwp%2Fv2%2Ftags&post=431"}],"curies":[{"name":"wp","href":"https:\/\/api.w.org\/{rel}","templated":true}]}}