{"id":421,"date":"2025-09-23T11:42:00","date_gmt":"2025-09-23T14:42:00","guid":{"rendered":"https:\/\/escolamulticultural.com.br\/blog\/?p=421"},"modified":"2025-12-11T11:43:05","modified_gmt":"2025-12-11T14:43:05","slug":"sustentabilidade-e-meio-ambiente","status":"publish","type":"post","link":"https:\/\/escolamulticultural.com.br\/blog\/?p=421","title":{"rendered":"Sustentabilidade e Meio Ambiente"},"content":{"rendered":"\n<p>Setembro \u00e9 um m\u00eas marcado pela conscientiza\u00e7\u00e3o ambiental, especialmente com a celebra\u00e7\u00e3o do Dia da \u00c1rvore. Esse \u00e9 o momento ideal para refletir sobre como nossas a\u00e7\u00f5es impactam o meio ambiente e o que podemos fazer para preserv\u00e1-lo. Na escola, atividades como o plantio de \u00e1rvores, cria\u00e7\u00e3o de hortas comunit\u00e1rias e projetos de reciclagem envolvem os alunos de forma pr\u00e1tica e educativa. Al\u00e9m disso, palestras e debates sobre mudan\u00e7as clim\u00e1ticas e preserva\u00e7\u00e3o dos recursos naturais ajudam a ampliar a consci\u00eancia ecol\u00f3gica. Estimular os estudantes a pensarem em solu\u00e7\u00f5es sustent\u00e1veis para problemas do cotidiano \u00e9 uma forma de incentiv\u00e1-los a ser agentes de transforma\u00e7\u00e3o no mundo. Vamos cuidar do planeta e ensinar as futuras gera\u00e7\u00f5es a fazer o mesmo!<\/p>\n","protected":false},"excerpt":{"rendered":"<p>Setembro \u00e9 um m\u00eas marcado pela conscientiza\u00e7\u00e3o ambiental, especialmente com a celebra\u00e7\u00e3o do Dia da \u00c1rvore. Esse \u00e9 o momento<\/p>\n","protected":false},"author":1,"featured_media":422,"comment_status":"open","ping_status":"open","sticky":false,"template":"","format":"standard","meta":[],"categories":[1],"tags":[],"_links":{"self":[{"href":"https:\/\/escolamulticultural.com.br\/blog\/index.php?rest_route=\/wp\/v2\/posts\/421"}],"collection":[{"href":"https:\/\/escolamulticultural.com.br\/blog\/index.php?rest_route=\/wp\/v2\/posts"}],"about":[{"href":"https:\/\/escolamulticultural.com.br\/blog\/index.php?rest_route=\/wp\/v2\/types\/post"}],"author":[{"embeddable":true,"href":"https:\/\/escolamulticultural.com.br\/blog\/index.php?rest_route=\/wp\/v2\/users\/1"}],"replies":[{"embeddable":true,"href":"https:\/\/escolamulticultural.com.br\/blog\/index.php?rest_route=%2Fwp%2Fv2%2Fcomments&post=421"}],"version-history":[{"count":1,"href":"https:\/\/escolamulticultural.com.br\/blog\/index.php?rest_route=\/wp\/v2\/posts\/421\/revisions"}],"predecessor-version":[{"id":423,"href":"https:\/\/escolamulticultural.com.br\/blog\/index.php?rest_route=\/wp\/v2\/posts\/421\/revisions\/423"}],"wp:featuredmedia":[{"embeddable":true,"href":"https:\/\/escolamulticultural.com.br\/blog\/index.php?rest_route=\/wp\/v2\/media\/422"}],"wp:attachment":[{"href":"https:\/\/escolamulticultural.com.br\/blog\/index.php?rest_route=%2Fwp%2Fv2%2Fmedia&parent=421"}],"wp:term":[{"taxonomy":"category","embeddable":true,"href":"https:\/\/escolamulticultural.com.br\/blog\/index.php?rest_route=%2Fwp%2Fv2%2Fcategories&post=421"},{"taxonomy":"post_tag","embeddable":true,"href":"https:\/\/escolamulticultural.com.br\/blog\/index.php?rest_route=%2Fwp%2Fv2%2Ftags&post=421"}],"curies":[{"name":"wp","href":"https:\/\/api.w.org\/{rel}","templated":true}]}}