{"id":356,"date":"2024-11-04T14:59:20","date_gmt":"2024-11-04T17:59:20","guid":{"rendered":"https:\/\/escolamulticultural.com.br\/blog\/?p=356"},"modified":"2024-11-04T14:59:20","modified_gmt":"2024-11-04T17:59:20","slug":"mal-do-seculoa-ansiedade-tem-afetado-mais-criancas-e-jovens-2","status":"publish","type":"post","link":"https:\/\/escolamulticultural.com.br\/blog\/?p=356","title":{"rendered":"Mal do S\u00e9culo:A ansiedade tem afetado mais crian\u00e7as e jovens!"},"content":{"rendered":"\n<p>Estar ansioso significa sentir-se preocupado, nervoso ou temeroso. Quando voc\u00ea se sente amea\u00e7ado ou em perigo real, a ansiedade age como um sistema de alarme para mant\u00ea-lo longe do dano. Todos n\u00f3s experimentamos ansiedade \u00e0s vezes e ela pode inclusive ser \u00fatil em determinados momentos. Com as crian\u00e7as n\u00e3o \u00e9 diferente: elas t\u00eam medo e ansiedade. Contudo, a maioria dos medos e ansiedades infantis s\u00e3o normais \u2013 muitas vezes decorrentes do processo de aprendizagem em cada fase \u2013 e \u00e9 comum que desapare\u00e7am naturalmente.<\/p>\n\n\n\n<p>Artigo Completo:<a href=\"http:\/\/escolamulticultural.com.br\/blog\/wp-content\/uploads\/2024\/11\/Boletim-Novembro.pdf\" data-type=\"URL\" data-id=\"http:\/\/escolamulticultural.com.br\/blog\/wp-content\/uploads\/2024\/11\/Boletim-Novembro.pdf\">http:\/\/escolamulticultural.com.br\/blog\/wp-content\/uploads\/2024\/11\/Boletim-Novembro.pdf<\/a><\/p>\n","protected":false},"excerpt":{"rendered":"<p>Estar ansioso significa sentir-se preocupado, nervoso ou temeroso. Quando voc\u00ea se sente amea\u00e7ado ou em perigo real, a ansiedade age<\/p>\n","protected":false},"author":1,"featured_media":358,"comment_status":"open","ping_status":"open","sticky":false,"template":"","format":"standard","meta":[],"categories":[1],"tags":[],"_links":{"self":[{"href":"https:\/\/escolamulticultural.com.br\/blog\/index.php?rest_route=\/wp\/v2\/posts\/356"}],"collection":[{"href":"https:\/\/escolamulticultural.com.br\/blog\/index.php?rest_route=\/wp\/v2\/posts"}],"about":[{"href":"https:\/\/escolamulticultural.com.br\/blog\/index.php?rest_route=\/wp\/v2\/types\/post"}],"author":[{"embeddable":true,"href":"https:\/\/escolamulticultural.com.br\/blog\/index.php?rest_route=\/wp\/v2\/users\/1"}],"replies":[{"embeddable":true,"href":"https:\/\/escolamulticultural.com.br\/blog\/index.php?rest_route=%2Fwp%2Fv2%2Fcomments&post=356"}],"version-history":[{"count":1,"href":"https:\/\/escolamulticultural.com.br\/blog\/index.php?rest_route=\/wp\/v2\/posts\/356\/revisions"}],"predecessor-version":[{"id":359,"href":"https:\/\/escolamulticultural.com.br\/blog\/index.php?rest_route=\/wp\/v2\/posts\/356\/revisions\/359"}],"wp:featuredmedia":[{"embeddable":true,"href":"https:\/\/escolamulticultural.com.br\/blog\/index.php?rest_route=\/wp\/v2\/media\/358"}],"wp:attachment":[{"href":"https:\/\/escolamulticultural.com.br\/blog\/index.php?rest_route=%2Fwp%2Fv2%2Fmedia&parent=356"}],"wp:term":[{"taxonomy":"category","embeddable":true,"href":"https:\/\/escolamulticultural.com.br\/blog\/index.php?rest_route=%2Fwp%2Fv2%2Fcategories&post=356"},{"taxonomy":"post_tag","embeddable":true,"href":"https:\/\/escolamulticultural.com.br\/blog\/index.php?rest_route=%2Fwp%2Fv2%2Ftags&post=356"}],"curies":[{"name":"wp","href":"https:\/\/api.w.org\/{rel}","templated":true}]}}