{"id":341,"date":"2024-09-06T13:56:15","date_gmt":"2024-09-06T16:56:15","guid":{"rendered":"https:\/\/escolamulticultural.com.br\/blog\/?p=341"},"modified":"2024-09-06T13:56:15","modified_gmt":"2024-09-06T16:56:15","slug":"setembro-amarelo-2","status":"publish","type":"post","link":"https:\/\/escolamulticultural.com.br\/blog\/?p=341","title":{"rendered":"SETEMBRO AMARELO"},"content":{"rendered":"\n<p>O Setembro Amarelo \u00e9 uma campanha de conscientiza\u00e7\u00e3o internacional realizada para alertar a popula\u00e7\u00e3o sobre o suic\u00eddio, assunto que muita gente n\u00e3o gosta de falar, mas que \u00e9 uma realidade que precisa ser conhecida e prevenida. \u00c9 um tema que requer aten\u00e7\u00e3o, da\u00ed a cor amarela que identifica lugares, servi\u00e7os e folhetos que ajudam a divulgar o assunto. Afinal, depress\u00e3o e suic\u00eddio n\u00e3o podem ser tabus. Voc\u00eas devem estar se perguntando, como n\u00f3s nutricionistas podemos ajudar nesse assunto t\u00e3o importante?!<\/p>\n\n\n\n<p>Artigo Completo: <a href=\"https:\/\/www.escolamulticultural.com.br\/blog\/wp-content\/uploads\/2024\/09\/Setembro-Amarelo-Boletim-Nutricional.pdf\" data-type=\"URL\" data-id=\"https:\/\/www.escolamulticultural.com.br\/blog\/wp-content\/uploads\/2024\/09\/Setembro-Amarelo-Boletim-Nutricional.pdf\">https:\/\/www.escolamulticultural.com.br\/blog\/wp-content\/uploads\/2024\/09\/Setembro-Amarelo-Boletim-Nutricional.pdf<\/a><\/p>\n","protected":false},"excerpt":{"rendered":"<p>O Setembro Amarelo \u00e9 uma campanha de conscientiza\u00e7\u00e3o internacional realizada para alertar a popula\u00e7\u00e3o sobre o suic\u00eddio, assunto que muita<\/p>\n","protected":false},"author":1,"featured_media":342,"comment_status":"open","ping_status":"open","sticky":false,"template":"","format":"standard","meta":[],"categories":[1],"tags":[],"_links":{"self":[{"href":"https:\/\/escolamulticultural.com.br\/blog\/index.php?rest_route=\/wp\/v2\/posts\/341"}],"collection":[{"href":"https:\/\/escolamulticultural.com.br\/blog\/index.php?rest_route=\/wp\/v2\/posts"}],"about":[{"href":"https:\/\/escolamulticultural.com.br\/blog\/index.php?rest_route=\/wp\/v2\/types\/post"}],"author":[{"embeddable":true,"href":"https:\/\/escolamulticultural.com.br\/blog\/index.php?rest_route=\/wp\/v2\/users\/1"}],"replies":[{"embeddable":true,"href":"https:\/\/escolamulticultural.com.br\/blog\/index.php?rest_route=%2Fwp%2Fv2%2Fcomments&post=341"}],"version-history":[{"count":1,"href":"https:\/\/escolamulticultural.com.br\/blog\/index.php?rest_route=\/wp\/v2\/posts\/341\/revisions"}],"predecessor-version":[{"id":343,"href":"https:\/\/escolamulticultural.com.br\/blog\/index.php?rest_route=\/wp\/v2\/posts\/341\/revisions\/343"}],"wp:featuredmedia":[{"embeddable":true,"href":"https:\/\/escolamulticultural.com.br\/blog\/index.php?rest_route=\/wp\/v2\/media\/342"}],"wp:attachment":[{"href":"https:\/\/escolamulticultural.com.br\/blog\/index.php?rest_route=%2Fwp%2Fv2%2Fmedia&parent=341"}],"wp:term":[{"taxonomy":"category","embeddable":true,"href":"https:\/\/escolamulticultural.com.br\/blog\/index.php?rest_route=%2Fwp%2Fv2%2Fcategories&post=341"},{"taxonomy":"post_tag","embeddable":true,"href":"https:\/\/escolamulticultural.com.br\/blog\/index.php?rest_route=%2Fwp%2Fv2%2Ftags&post=341"}],"curies":[{"name":"wp","href":"https:\/\/api.w.org\/{rel}","templated":true}]}}