{"id":316,"date":"2024-05-06T15:31:00","date_gmt":"2024-05-06T18:31:00","guid":{"rendered":"https:\/\/escolamulticultural.com.br\/blog\/?p=316"},"modified":"2024-06-25T15:34:20","modified_gmt":"2024-06-25T18:34:20","slug":"historia-e-tradicoes-do-dia-das-maes","status":"publish","type":"post","link":"https:\/\/escolamulticultural.com.br\/blog\/?p=316","title":{"rendered":"Hist\u00f3ria e Tradi\u00e7\u00f5es do Dia das M\u00e3es"},"content":{"rendered":"\n<p>O Dia das M\u00e3es \u00e9 uma das datas mais especiais do ano, dedicado a homenagear e celebrar o amor, o carinho e a dedica\u00e7\u00e3o das m\u00e3es em todo o mundo. Mas voc\u00ea sabe como essa tradi\u00e7\u00e3o come\u00e7ou e quais s\u00e3o as suas origens? Vamos explorar a hist\u00f3ria e as tradi\u00e7\u00f5es por tr\u00e1s dessa data t\u00e3o significativa.<\/p>\n\n\n\n<p>Origens Antigas<\/p>\n\n\n\n<p>As origens do Dia das M\u00e3es remontam \u00e0s antigas celebra\u00e7\u00f5es da primavera, que honravam as divindades maternas na Gr\u00e9cia Antiga, como Rhea, a m\u00e3e dos deuses na mitologia grega, e Cybele, na Roma Antiga. Essas festividades eram marcadas por rituais e oferendas em agradecimento \u00e0 fertilidade e \u00e0 maternidade.<\/p>\n\n\n\n<p>M\u00e3e da Revolu\u00e7\u00e3o Moderna<\/p>\n\n\n\n<p>A vers\u00e3o moderna do Dia das M\u00e3es tem suas ra\u00edzes no s\u00e9culo XIX, nos Estados Unidos. Em 1870, a ativista Julia Ward Howe prop\u00f4s a celebra\u00e7\u00e3o de um dia dedicado \u00e0 paz e \u00e0 maternidade, conhecido como \u201cDia das M\u00e3es para a Paz\u201d. Howe acreditava que as m\u00e3es tinham um papel fundamental na promo\u00e7\u00e3o da paz e na resolu\u00e7\u00e3o de conflitos, e defendia a realiza\u00e7\u00e3o de manifesta\u00e7\u00f5es e congressos em prol dessa causa.<\/p>\n\n\n\n<p>O Dia das M\u00e3es como o Conhecemos Hoje<\/p>\n\n\n\n<p>No entanto, foi outra mulher, Anna Jarvis, que \u00e9 creditada por instituir o Dia das M\u00e3es como o conhecemos hoje. Ap\u00f3s a morte de sua pr\u00f3pria m\u00e3e em 1905, Anna iniciou uma campanha para criar um dia especial dedicado \u00e0s m\u00e3es, como uma forma de homenagear o sacrif\u00edcio e o amor materno. Em 1914, o presidente dos Estados Unidos, Woodrow Wilson, oficializou o segundo domingo de maio como o Dia das M\u00e3es.<\/p>\n\n\n\n<p>Tradi\u00e7\u00f5es de Celebra\u00e7\u00e3o<\/p>\n\n\n\n<p>Atualmente, o Dia das M\u00e3es \u00e9 celebrado em todo o mundo de diversas maneiras. Desde presentes e flores at\u00e9 almo\u00e7os especiais e cart\u00f5es feitos \u00e0 m\u00e3o, as pessoas expressam seu amor e gratid\u00e3o \u00e0s m\u00e3es de v\u00e1rias formas. Em muitos lugares, \u00e9 tamb\u00e9m uma oportunidade para reunir a fam\u00edlia e passar momentos preciosos juntos, compartilhando hist\u00f3rias, risadas e lembran\u00e7as.<\/p>\n\n\n\n<p>Uma Homenagem Universal<\/p>\n\n\n\n<p>O Dia das M\u00e3es transcende fronteiras culturais e religiosas, sendo uma homenagem universal \u00e0s m\u00e3es e \u00e0 sua influ\u00eancia inestim\u00e1vel em nossas vidas. Seja voc\u00ea celebrando com sua m\u00e3e, av\u00f3, madrasta, tia ou qualquer outra figura materna, este \u00e9 um dia para expressar gratid\u00e3o e reconhecimento pelo amor incondicional e apoio que elas nos oferecem.<\/p>\n\n\n\n<p>Ent\u00e3o, neste Dia das M\u00e3es, reserve um momento para honrar e celebrar a mulher que desempenha um papel t\u00e3o importante em sua vida. Seja atrav\u00e9s de palavras de carinho, gestos de afeto ou simplesmente passando tempo juntos, demonstre o quanto voc\u00ea valoriza e aprecia a presen\u00e7a da sua m\u00e3e em sua jornada.<\/p>\n","protected":false},"excerpt":{"rendered":"<p>O Dia das M\u00e3es \u00e9 uma das datas mais especiais do ano, dedicado a homenagear e celebrar o amor, o<\/p>\n","protected":false},"author":1,"featured_media":317,"comment_status":"open","ping_status":"open","sticky":false,"template":"","format":"standard","meta":[],"categories":[1],"tags":[],"_links":{"self":[{"href":"https:\/\/escolamulticultural.com.br\/blog\/index.php?rest_route=\/wp\/v2\/posts\/316"}],"collection":[{"href":"https:\/\/escolamulticultural.com.br\/blog\/index.php?rest_route=\/wp\/v2\/posts"}],"about":[{"href":"https:\/\/escolamulticultural.com.br\/blog\/index.php?rest_route=\/wp\/v2\/types\/post"}],"author":[{"embeddable":true,"href":"https:\/\/escolamulticultural.com.br\/blog\/index.php?rest_route=\/wp\/v2\/users\/1"}],"replies":[{"embeddable":true,"href":"https:\/\/escolamulticultural.com.br\/blog\/index.php?rest_route=%2Fwp%2Fv2%2Fcomments&post=316"}],"version-history":[{"count":1,"href":"https:\/\/escolamulticultural.com.br\/blog\/index.php?rest_route=\/wp\/v2\/posts\/316\/revisions"}],"predecessor-version":[{"id":318,"href":"https:\/\/escolamulticultural.com.br\/blog\/index.php?rest_route=\/wp\/v2\/posts\/316\/revisions\/318"}],"wp:featuredmedia":[{"embeddable":true,"href":"https:\/\/escolamulticultural.com.br\/blog\/index.php?rest_route=\/wp\/v2\/media\/317"}],"wp:attachment":[{"href":"https:\/\/escolamulticultural.com.br\/blog\/index.php?rest_route=%2Fwp%2Fv2%2Fmedia&parent=316"}],"wp:term":[{"taxonomy":"category","embeddable":true,"href":"https:\/\/escolamulticultural.com.br\/blog\/index.php?rest_route=%2Fwp%2Fv2%2Fcategories&post=316"},{"taxonomy":"post_tag","embeddable":true,"href":"https:\/\/escolamulticultural.com.br\/blog\/index.php?rest_route=%2Fwp%2Fv2%2Ftags&post=316"}],"curies":[{"name":"wp","href":"https:\/\/api.w.org\/{rel}","templated":true}]}}