{"id":306,"date":"2024-04-16T15:02:00","date_gmt":"2024-04-16T18:02:00","guid":{"rendered":"https:\/\/escolamulticultural.com.br\/blog\/?p=306"},"modified":"2024-04-16T15:02:00","modified_gmt":"2024-04-16T18:02:00","slug":"mal-do-seculoa-ansiedade-tem-afetado-mais-criancas-e-jovens","status":"publish","type":"post","link":"https:\/\/escolamulticultural.com.br\/blog\/?p=306","title":{"rendered":"Mal do S\u00e9culo:A ansiedade tem afetado mais crian\u00e7as e jovens!"},"content":{"rendered":"\n<p class=\"has-text-align-left\">Estar ansioso significa sentir-se preocupado, nervoso ou temeroso. Quando voc\u00ea se sente amea\u00e7ado ou em perigo real, a ansiedade age como um sistema de alarme para mant\u00ea-lo longe do dano. Todos n\u00f3s experimentamos ansiedade \u00e0s vezes e ela pode inclusive ser \u00fatil em determinados momentos. Com as crian\u00e7as n\u00e3o \u00e9 diferente: elas t\u00eam medo e ansiedade. Contudo, a maioria dos medos e ansiedades infantis s\u00e3o normais \u2013 muitas vezes decorrentes do processo de aprendizagem em cada fase \u2013 e \u00e9 comum que desapare\u00e7am naturalmente.<\/p>\n\n\n\n<p>Artigo Completo: <a href=\"http:\/\/escolamulticultural.com.br\/blog\/wp-content\/uploads\/2024\/04\/Boletim-Nutricional_Abril.pdf\" data-type=\"URL\" data-id=\"http:\/\/escolamulticultural.com.br\/blog\/wp-content\/uploads\/2024\/04\/Boletim-Nutricional_Abril.pdf\">http:\/\/escolamulticultural.com.br\/blog\/wp-content\/uploads\/2024\/04\/Boletim-Nutricional_Abril.pdf<\/a><\/p>\n","protected":false},"excerpt":{"rendered":"<p>Estar ansioso significa sentir-se preocupado, nervoso ou temeroso. Quando voc\u00ea se sente amea\u00e7ado ou em perigo real, a ansiedade age<\/p>\n","protected":false},"author":1,"featured_media":307,"comment_status":"open","ping_status":"open","sticky":false,"template":"","format":"standard","meta":[],"categories":[1],"tags":[],"_links":{"self":[{"href":"https:\/\/escolamulticultural.com.br\/blog\/index.php?rest_route=\/wp\/v2\/posts\/306"}],"collection":[{"href":"https:\/\/escolamulticultural.com.br\/blog\/index.php?rest_route=\/wp\/v2\/posts"}],"about":[{"href":"https:\/\/escolamulticultural.com.br\/blog\/index.php?rest_route=\/wp\/v2\/types\/post"}],"author":[{"embeddable":true,"href":"https:\/\/escolamulticultural.com.br\/blog\/index.php?rest_route=\/wp\/v2\/users\/1"}],"replies":[{"embeddable":true,"href":"https:\/\/escolamulticultural.com.br\/blog\/index.php?rest_route=%2Fwp%2Fv2%2Fcomments&post=306"}],"version-history":[{"count":1,"href":"https:\/\/escolamulticultural.com.br\/blog\/index.php?rest_route=\/wp\/v2\/posts\/306\/revisions"}],"predecessor-version":[{"id":308,"href":"https:\/\/escolamulticultural.com.br\/blog\/index.php?rest_route=\/wp\/v2\/posts\/306\/revisions\/308"}],"wp:featuredmedia":[{"embeddable":true,"href":"https:\/\/escolamulticultural.com.br\/blog\/index.php?rest_route=\/wp\/v2\/media\/307"}],"wp:attachment":[{"href":"https:\/\/escolamulticultural.com.br\/blog\/index.php?rest_route=%2Fwp%2Fv2%2Fmedia&parent=306"}],"wp:term":[{"taxonomy":"category","embeddable":true,"href":"https:\/\/escolamulticultural.com.br\/blog\/index.php?rest_route=%2Fwp%2Fv2%2Fcategories&post=306"},{"taxonomy":"post_tag","embeddable":true,"href":"https:\/\/escolamulticultural.com.br\/blog\/index.php?rest_route=%2Fwp%2Fv2%2Ftags&post=306"}],"curies":[{"name":"wp","href":"https:\/\/api.w.org\/{rel}","templated":true}]}}