{"id":254,"date":"2023-08-09T10:11:57","date_gmt":"2023-08-09T13:11:57","guid":{"rendered":"https:\/\/escolamulticultural.com.br\/blog\/?p=254"},"modified":"2023-08-09T10:11:57","modified_gmt":"2023-08-09T13:11:57","slug":"hoje-e-dia-de-festa","status":"publish","type":"post","link":"https:\/\/escolamulticultural.com.br\/blog\/?p=254","title":{"rendered":"Hoje \u00e9 dia de festa!"},"content":{"rendered":"\n<p>O anivers\u00e1rio do seu filho est\u00e1 chegando, nada melhor do que reunir a fam\u00edlia e os<br>amiguinhos para celebrar esse momento. Todos juntos decidindo o local, decora\u00e7\u00e3o, lista de<br>convidados, card\u00e1pio\u2026 E falando nele, \u00e9 claro que n\u00f3s nutricionistas tamb\u00e9m vamos orientar<br>sobre as comidinhas nessa data t\u00e3o especial!<br>Voc\u00ea j\u00e1 pensou em preparar uma festa com alimentos saud\u00e1veis? Segue ent\u00e3o algumas<br>dicas para deixar a festa do seu filho muito mais nutritiva, afinal tem coisa melhor do que<br>comemorar esse dia com muita sa\u00fade?!<\/p>\n\n\n\n<p>Artigo completo: <a href=\"http:\/\/escolamulticultural.com.br\/blog\/wp-content\/uploads\/2023\/08\/Boletim-Nutricional-Agosto.pdf\" data-type=\"URL\" data-id=\"http:\/\/escolamulticultural.com.br\/blog\/wp-content\/uploads\/2023\/08\/Boletim-Nutricional-Agosto.pdf\">http:\/\/escolamulticultural.com.br\/blog\/wp-content\/uploads\/2023\/08\/Boletim-Nutricional-Agosto.pdf<\/a><\/p>\n","protected":false},"excerpt":{"rendered":"<p>O anivers\u00e1rio do seu filho est\u00e1 chegando, nada melhor do que reunir a fam\u00edlia e osamiguinhos para celebrar esse momento.<\/p>\n","protected":false},"author":1,"featured_media":252,"comment_status":"open","ping_status":"open","sticky":false,"template":"","format":"standard","meta":[],"categories":[1],"tags":[],"_links":{"self":[{"href":"https:\/\/escolamulticultural.com.br\/blog\/index.php?rest_route=\/wp\/v2\/posts\/254"}],"collection":[{"href":"https:\/\/escolamulticultural.com.br\/blog\/index.php?rest_route=\/wp\/v2\/posts"}],"about":[{"href":"https:\/\/escolamulticultural.com.br\/blog\/index.php?rest_route=\/wp\/v2\/types\/post"}],"author":[{"embeddable":true,"href":"https:\/\/escolamulticultural.com.br\/blog\/index.php?rest_route=\/wp\/v2\/users\/1"}],"replies":[{"embeddable":true,"href":"https:\/\/escolamulticultural.com.br\/blog\/index.php?rest_route=%2Fwp%2Fv2%2Fcomments&post=254"}],"version-history":[{"count":1,"href":"https:\/\/escolamulticultural.com.br\/blog\/index.php?rest_route=\/wp\/v2\/posts\/254\/revisions"}],"predecessor-version":[{"id":255,"href":"https:\/\/escolamulticultural.com.br\/blog\/index.php?rest_route=\/wp\/v2\/posts\/254\/revisions\/255"}],"wp:featuredmedia":[{"embeddable":true,"href":"https:\/\/escolamulticultural.com.br\/blog\/index.php?rest_route=\/wp\/v2\/media\/252"}],"wp:attachment":[{"href":"https:\/\/escolamulticultural.com.br\/blog\/index.php?rest_route=%2Fwp%2Fv2%2Fmedia&parent=254"}],"wp:term":[{"taxonomy":"category","embeddable":true,"href":"https:\/\/escolamulticultural.com.br\/blog\/index.php?rest_route=%2Fwp%2Fv2%2Fcategories&post=254"},{"taxonomy":"post_tag","embeddable":true,"href":"https:\/\/escolamulticultural.com.br\/blog\/index.php?rest_route=%2Fwp%2Fv2%2Ftags&post=254"}],"curies":[{"name":"wp","href":"https:\/\/api.w.org\/{rel}","templated":true}]}}