{"id":229,"date":"2023-05-08T15:30:46","date_gmt":"2023-05-08T18:30:46","guid":{"rendered":"https:\/\/escolamulticultural.com.br\/blog\/?p=229"},"modified":"2023-05-08T15:30:46","modified_gmt":"2023-05-08T18:30:46","slug":"como-controlar-o-consumo-de-sodio","status":"publish","type":"post","link":"https:\/\/escolamulticultural.com.br\/blog\/?p=229","title":{"rendered":"Como controlar o consumo de s\u00f3dio?"},"content":{"rendered":"\n<p>Cuidar da alimenta\u00e7\u00e3o dos nossos filhos \u00e9 sem d\u00favida, muito importante. Os h\u00e1bitos<br>incorporados nesta fase podem ser determinantes ao longo da vida. A introdu\u00e7\u00e3o dos alimentos na<br>dieta dos pequenos \u00e9 preocupa\u00e7\u00e3o para muitos pais e uma das quest\u00f5es mais discutidas \u00e9 a<br>introdu\u00e7\u00e3o do sal.<br>Ingerir sal em excesso, favorece a reten\u00e7\u00e3o de l\u00edquido pelo organismo e aumenta o volume de<br>sangue, que por sua vez, elevam a press\u00e3o arterial. Tamb\u00e9m aumenta o risco de doen\u00e7as<br>cardiovasculares e acidente vascular cerebral (AVC). O excesso de s\u00f3dio tem potencial efeito adverso<br>no colesterol sangu\u00edneo, na fun\u00e7\u00e3o renal e nos ossos.<\/p>\n\n\n\n<p>Para as crian\u00e7as de 4 a 8 anos de idade, recomenda-se 1\/2 colher de ch\u00e1 de sal por dia (1,2g<br>de s\u00f3dio\/dia) e para crian\u00e7as de 1 a 3 anos, a recomenda\u00e7\u00e3o \u00e9 de 1 colher de caf\u00e9 de sal por dia (1g<br>de s\u00f3dio\/dia). Entre 7 meses e 1 ano, o consumo di\u00e1rio de sal deve ser menor que 500 mg de s\u00f3dio,<br>que s\u00e3o facilmente atingidas atrav\u00e9s dos alimentos sem acrescentar sal na prepara\u00e7\u00e3o das papinhas.<\/p>\n\n\n\n<p>Artigo completo: <a href=\"http:\/\/escolamulticultural.com.br\/blog\/wp-content\/uploads\/2023\/05\/Boletim-Nutricional-Mes-Maio.pdf\" data-type=\"URL\" data-id=\"http:\/\/escolamulticultural.com.br\/blog\/wp-content\/uploads\/2023\/05\/Boletim-Nutricional-Mes-Maio.pdf\">http:\/\/escolamulticultural.com.br\/blog\/wp-content\/uploads\/2023\/05\/Boletim-Nutricional-Mes-Maio.pdf<\/a><\/p>\n","protected":false},"excerpt":{"rendered":"<p>Cuidar da alimenta\u00e7\u00e3o dos nossos filhos \u00e9 sem d\u00favida, muito importante. Os h\u00e1bitosincorporados nesta fase podem ser determinantes ao longo<\/p>\n","protected":false},"author":1,"featured_media":230,"comment_status":"open","ping_status":"open","sticky":false,"template":"","format":"standard","meta":[],"categories":[1],"tags":[],"_links":{"self":[{"href":"https:\/\/escolamulticultural.com.br\/blog\/index.php?rest_route=\/wp\/v2\/posts\/229"}],"collection":[{"href":"https:\/\/escolamulticultural.com.br\/blog\/index.php?rest_route=\/wp\/v2\/posts"}],"about":[{"href":"https:\/\/escolamulticultural.com.br\/blog\/index.php?rest_route=\/wp\/v2\/types\/post"}],"author":[{"embeddable":true,"href":"https:\/\/escolamulticultural.com.br\/blog\/index.php?rest_route=\/wp\/v2\/users\/1"}],"replies":[{"embeddable":true,"href":"https:\/\/escolamulticultural.com.br\/blog\/index.php?rest_route=%2Fwp%2Fv2%2Fcomments&post=229"}],"version-history":[{"count":1,"href":"https:\/\/escolamulticultural.com.br\/blog\/index.php?rest_route=\/wp\/v2\/posts\/229\/revisions"}],"predecessor-version":[{"id":231,"href":"https:\/\/escolamulticultural.com.br\/blog\/index.php?rest_route=\/wp\/v2\/posts\/229\/revisions\/231"}],"wp:featuredmedia":[{"embeddable":true,"href":"https:\/\/escolamulticultural.com.br\/blog\/index.php?rest_route=\/wp\/v2\/media\/230"}],"wp:attachment":[{"href":"https:\/\/escolamulticultural.com.br\/blog\/index.php?rest_route=%2Fwp%2Fv2%2Fmedia&parent=229"}],"wp:term":[{"taxonomy":"category","embeddable":true,"href":"https:\/\/escolamulticultural.com.br\/blog\/index.php?rest_route=%2Fwp%2Fv2%2Fcategories&post=229"},{"taxonomy":"post_tag","embeddable":true,"href":"https:\/\/escolamulticultural.com.br\/blog\/index.php?rest_route=%2Fwp%2Fv2%2Ftags&post=229"}],"curies":[{"name":"wp","href":"https:\/\/api.w.org\/{rel}","templated":true}]}}