{"id":224,"date":"2023-04-24T10:57:00","date_gmt":"2023-04-24T13:57:00","guid":{"rendered":"https:\/\/escolamulticultural.com.br\/blog\/?p=224"},"modified":"2023-05-05T11:04:09","modified_gmt":"2023-05-05T14:04:09","slug":"como-ajudar-a-crianca-a-se-adaptar-a-uma-nova-turma-na-escola","status":"publish","type":"post","link":"https:\/\/escolamulticultural.com.br\/blog\/?p=224","title":{"rendered":"Como ajudar a crian\u00e7a a se adaptar a uma nova turma na escola?"},"content":{"rendered":"\n<p>Mudar de turma na escola pode ser um momento emocionante, mas tamb\u00e9m pode ser um pouco assustador para as crian\u00e7as. De repente, elas est\u00e3o rodeadas por novos colegas e professores, e podem se sentir um pouco perdidas e inseguras. Mas n\u00e3o se preocupe, \u00e9 completamente normal! Aqui est\u00e3o algumas dicas para ajudar as crian\u00e7as a se adaptarem \u00e0s novas turmas na escola.<\/p>\n\n\n\n<p>&#8211; Conhe\u00e7a os colegas: Convidar as crian\u00e7as para brincar e fazer amigos \u00e9 uma \u00f3tima maneira de ajud\u00e1-las a se sentirem mais confort\u00e1veis na nova turma.<\/p>\n\n\n\n<p>&#8211; Converse com o professor: Se as crian\u00e7as estiverem tendo dificuldades em se adaptar, \u00e9 uma boa ideia conversar com o professor. Eles podem oferecer orienta\u00e7\u00e3o e apoio para ajudar as crian\u00e7as a se sentirem mais confiantes.<\/p>\n\n\n\n<p>&#8211; Conhe\u00e7a a rotina: Ajudar as crian\u00e7as a se familiarizarem com a rotina da escola, incluindo hor\u00e1rios de aulas e intervalos, pode ajud\u00e1-las a se sentirem mais seguras.<\/p>\n\n\n\n<p>&#8211; Encoraje a participa\u00e7\u00e3o: Incentive as crian\u00e7as a participarem de atividades extracurriculares, como esportes, m\u00fasica ou arte, podem ajud\u00e1-las a fazer novos amigos e se sentirem mais confiantes na nova turma.<\/p>\n\n\n\n<p>&#8211; Seja compreensivo: As crian\u00e7as precisam de tempo para se adaptarem a novas situa\u00e7\u00f5es, ent\u00e3o \u00e9 importante ser compreensivo e dar-lhes espa\u00e7o para se ajustarem \u00e0 nova turma.<\/p>\n\n\n\n<p>Lembre-se de que mudar de turma \u00e9 uma parte normal da vida escolar e que, com tempo e paci\u00eancia, as crian\u00e7as acabar\u00e3o se sentindo confort\u00e1veis e felizes na nova turma. E, quem sabe, pode at\u00e9 fazer alguns amigos para a vida toda! Fonte: @Rabbit Digital<\/p>\n","protected":false},"excerpt":{"rendered":"<p>Mudar de turma na escola pode ser um momento emocionante, mas tamb\u00e9m pode ser um pouco assustador para as crian\u00e7as.<\/p>\n","protected":false},"author":1,"featured_media":225,"comment_status":"open","ping_status":"open","sticky":false,"template":"","format":"standard","meta":[],"categories":[1],"tags":[],"_links":{"self":[{"href":"https:\/\/escolamulticultural.com.br\/blog\/index.php?rest_route=\/wp\/v2\/posts\/224"}],"collection":[{"href":"https:\/\/escolamulticultural.com.br\/blog\/index.php?rest_route=\/wp\/v2\/posts"}],"about":[{"href":"https:\/\/escolamulticultural.com.br\/blog\/index.php?rest_route=\/wp\/v2\/types\/post"}],"author":[{"embeddable":true,"href":"https:\/\/escolamulticultural.com.br\/blog\/index.php?rest_route=\/wp\/v2\/users\/1"}],"replies":[{"embeddable":true,"href":"https:\/\/escolamulticultural.com.br\/blog\/index.php?rest_route=%2Fwp%2Fv2%2Fcomments&post=224"}],"version-history":[{"count":1,"href":"https:\/\/escolamulticultural.com.br\/blog\/index.php?rest_route=\/wp\/v2\/posts\/224\/revisions"}],"predecessor-version":[{"id":226,"href":"https:\/\/escolamulticultural.com.br\/blog\/index.php?rest_route=\/wp\/v2\/posts\/224\/revisions\/226"}],"wp:featuredmedia":[{"embeddable":true,"href":"https:\/\/escolamulticultural.com.br\/blog\/index.php?rest_route=\/wp\/v2\/media\/225"}],"wp:attachment":[{"href":"https:\/\/escolamulticultural.com.br\/blog\/index.php?rest_route=%2Fwp%2Fv2%2Fmedia&parent=224"}],"wp:term":[{"taxonomy":"category","embeddable":true,"href":"https:\/\/escolamulticultural.com.br\/blog\/index.php?rest_route=%2Fwp%2Fv2%2Fcategories&post=224"},{"taxonomy":"post_tag","embeddable":true,"href":"https:\/\/escolamulticultural.com.br\/blog\/index.php?rest_route=%2Fwp%2Fv2%2Ftags&post=224"}],"curies":[{"name":"wp","href":"https:\/\/api.w.org\/{rel}","templated":true}]}}