{"id":207,"date":"2023-02-06T17:03:04","date_gmt":"2023-02-06T20:03:04","guid":{"rendered":"https:\/\/escolamulticultural.com.br\/blog\/?p=207"},"modified":"2023-02-06T17:03:57","modified_gmt":"2023-02-06T20:03:57","slug":"fevereiro-e-carnaval","status":"publish","type":"post","link":"https:\/\/escolamulticultural.com.br\/blog\/?p=207","title":{"rendered":"Fevereiro, \u00e9 Carnaval!"},"content":{"rendered":"\n<p>Chegou a \u00e9poca mais festiva do ano. Al\u00e9m de toda divers\u00e3o, confete e serpentina, temos que nos atentar na<br>alimenta\u00e7\u00e3o das crian\u00e7as no carnaval, pois al\u00e9m de muito calor, o agito faz presente e com isso, eles gastam mais energia<br>que o normal. N\u00e3o \u00e9 necess\u00e1rio ficar estressado com a alimenta\u00e7\u00e3o das crian\u00e7as durante as comemora\u00e7\u00f5es, afinal, \u00e9 hora<br>de brincar, pular e dan\u00e7ar! Mas vale lembrar que os pequenos precisam de alguns cuidados. <\/p>\n\n\n\n<p>Artigo Completo: <a href=\"http:\/\/escolamulticultural.com.br\/blog\/wp-content\/uploads\/2023\/02\/Boletim-Nutricional-fev.pdf\" data-type=\"URL\" data-id=\"http:\/\/escolamulticultural.com.br\/blog\/wp-content\/uploads\/2023\/02\/Boletim-Nutricional-fev.pdf\">http:\/\/escolamulticultural.com.br\/blog\/wp-content\/uploads\/2023\/02\/Boletim-Nutricional-fev.pdf<\/a><\/p>\n","protected":false},"excerpt":{"rendered":"<p>Chegou a \u00e9poca mais festiva do ano. Al\u00e9m de toda divers\u00e3o, confete e serpentina, temos que nos atentar naalimenta\u00e7\u00e3o das<\/p>\n","protected":false},"author":1,"featured_media":205,"comment_status":"open","ping_status":"open","sticky":false,"template":"","format":"standard","meta":[],"categories":[1],"tags":[],"_links":{"self":[{"href":"https:\/\/escolamulticultural.com.br\/blog\/index.php?rest_route=\/wp\/v2\/posts\/207"}],"collection":[{"href":"https:\/\/escolamulticultural.com.br\/blog\/index.php?rest_route=\/wp\/v2\/posts"}],"about":[{"href":"https:\/\/escolamulticultural.com.br\/blog\/index.php?rest_route=\/wp\/v2\/types\/post"}],"author":[{"embeddable":true,"href":"https:\/\/escolamulticultural.com.br\/blog\/index.php?rest_route=\/wp\/v2\/users\/1"}],"replies":[{"embeddable":true,"href":"https:\/\/escolamulticultural.com.br\/blog\/index.php?rest_route=%2Fwp%2Fv2%2Fcomments&post=207"}],"version-history":[{"count":2,"href":"https:\/\/escolamulticultural.com.br\/blog\/index.php?rest_route=\/wp\/v2\/posts\/207\/revisions"}],"predecessor-version":[{"id":209,"href":"https:\/\/escolamulticultural.com.br\/blog\/index.php?rest_route=\/wp\/v2\/posts\/207\/revisions\/209"}],"wp:featuredmedia":[{"embeddable":true,"href":"https:\/\/escolamulticultural.com.br\/blog\/index.php?rest_route=\/wp\/v2\/media\/205"}],"wp:attachment":[{"href":"https:\/\/escolamulticultural.com.br\/blog\/index.php?rest_route=%2Fwp%2Fv2%2Fmedia&parent=207"}],"wp:term":[{"taxonomy":"category","embeddable":true,"href":"https:\/\/escolamulticultural.com.br\/blog\/index.php?rest_route=%2Fwp%2Fv2%2Fcategories&post=207"},{"taxonomy":"post_tag","embeddable":true,"href":"https:\/\/escolamulticultural.com.br\/blog\/index.php?rest_route=%2Fwp%2Fv2%2Ftags&post=207"}],"curies":[{"name":"wp","href":"https:\/\/api.w.org\/{rel}","templated":true}]}}