{"id":181,"date":"2022-11-07T13:48:47","date_gmt":"2022-11-07T16:48:47","guid":{"rendered":"https:\/\/escolamulticultural.com.br\/blog\/?p=181"},"modified":"2022-11-07T13:56:34","modified_gmt":"2022-11-07T16:56:34","slug":"novembro-azul-seja-um-homem-de-atitude","status":"publish","type":"post","link":"https:\/\/escolamulticultural.com.br\/blog\/?p=181","title":{"rendered":"Novembro Azul: Seja um homem de atitude!"},"content":{"rendered":"\n<p>Novembro Azul, \u00e9 um grande acontecimento mundial, que busca a mudan\u00e7a do paradigma em rela\u00e7\u00e3o \u00e0 ida do homem ao m\u00e9dico. Neste m\u00eas, as aten\u00e7\u00f5es e esfor\u00e7os est\u00e3o voltados para os cuidados com a sa\u00fade do homem, e principalmente, quanto a informa\u00e7\u00e3o e preven\u00e7\u00e3o sobre o c\u00e2ncer de pr\u00f3stata, que \u00e9 o tumor maligno mais comum em homens acima de 50 anos.<\/p>\n\n\n\n<p>A pr\u00f3stata \u00e9 uma gl\u00e2ndula localizada na parte baixa do abd\u00f4men, logo abaixo da bexiga e \u00e0 frente do reto. Dentre suas fun\u00e7\u00f5es, est\u00e1 a prote\u00e7\u00e3o e a envoltura da por\u00e7\u00e3o inicial da uretra, tubo pelo qual a urina armazenada na bexiga \u00e9 eliminada, e a produ\u00e7\u00e3o parcial do s\u00eamen (l\u00edquido liberado durante o ato sexual que cont\u00e9m os espermatozoides).<\/p>\n\n\n\n<p>Artigo completo: <a href=\"http:\/\/escolamulticultural.com.br\/blog\/wp-content\/uploads\/2022\/11\/Novembro-Boletim-Nutricional.pdf\" data-type=\"URL\" data-id=\"http:\/\/escolamulticultural.com.br\/blog\/wp-content\/uploads\/2022\/11\/Novembro-Boletim-Nutricional.pdf\">http:\/\/escolamulticultural.com.br\/blog\/wp-content\/uploads\/2022\/11\/Novembro-Boletim-Nutricional.pdf<\/a><\/p>\n","protected":false},"excerpt":{"rendered":"<p>Novembro Azul, \u00e9 um grande acontecimento mundial, que busca a mudan\u00e7a do paradigma em rela\u00e7\u00e3o \u00e0 ida do homem ao<\/p>\n","protected":false},"author":1,"featured_media":185,"comment_status":"open","ping_status":"open","sticky":false,"template":"","format":"standard","meta":[],"categories":[1],"tags":[],"_links":{"self":[{"href":"https:\/\/escolamulticultural.com.br\/blog\/index.php?rest_route=\/wp\/v2\/posts\/181"}],"collection":[{"href":"https:\/\/escolamulticultural.com.br\/blog\/index.php?rest_route=\/wp\/v2\/posts"}],"about":[{"href":"https:\/\/escolamulticultural.com.br\/blog\/index.php?rest_route=\/wp\/v2\/types\/post"}],"author":[{"embeddable":true,"href":"https:\/\/escolamulticultural.com.br\/blog\/index.php?rest_route=\/wp\/v2\/users\/1"}],"replies":[{"embeddable":true,"href":"https:\/\/escolamulticultural.com.br\/blog\/index.php?rest_route=%2Fwp%2Fv2%2Fcomments&post=181"}],"version-history":[{"count":1,"href":"https:\/\/escolamulticultural.com.br\/blog\/index.php?rest_route=\/wp\/v2\/posts\/181\/revisions"}],"predecessor-version":[{"id":184,"href":"https:\/\/escolamulticultural.com.br\/blog\/index.php?rest_route=\/wp\/v2\/posts\/181\/revisions\/184"}],"wp:featuredmedia":[{"embeddable":true,"href":"https:\/\/escolamulticultural.com.br\/blog\/index.php?rest_route=\/wp\/v2\/media\/185"}],"wp:attachment":[{"href":"https:\/\/escolamulticultural.com.br\/blog\/index.php?rest_route=%2Fwp%2Fv2%2Fmedia&parent=181"}],"wp:term":[{"taxonomy":"category","embeddable":true,"href":"https:\/\/escolamulticultural.com.br\/blog\/index.php?rest_route=%2Fwp%2Fv2%2Fcategories&post=181"},{"taxonomy":"post_tag","embeddable":true,"href":"https:\/\/escolamulticultural.com.br\/blog\/index.php?rest_route=%2Fwp%2Fv2%2Ftags&post=181"}],"curies":[{"name":"wp","href":"https:\/\/api.w.org\/{rel}","templated":true}]}}