{"id":168,"date":"2022-09-13T13:41:48","date_gmt":"2022-09-13T16:41:48","guid":{"rendered":"http:\/\/escolamulticultural.com.br\/blog\/?p=168"},"modified":"2022-09-13T13:41:48","modified_gmt":"2022-09-13T16:41:48","slug":"o-gestor-e-a-construcao-da-linguagem-da-colaboracao-critica-na-rede-publica-e-privada-da-capital-paulista","status":"publish","type":"post","link":"https:\/\/escolamulticultural.com.br\/blog\/?p=168","title":{"rendered":"O gestor e a constru\u00e7\u00e3o da linguagem da colabora\u00e7\u00e3o cr\u00edtica na rede p\u00fablica e privada da capital paulista"},"content":{"rendered":"\n<p>Este trabalho traz o relato de pesquisa de duas gestoras e o desenvolvimento<br>de suas pesquisas no contexto da colabora\u00e7\u00e3o cr\u00edtica e, tem como objetivo<br>geral, compreender criticamente qual o papel do gestor na forma\u00e7\u00e3o de<br>professores e coordenadores pedag\u00f3gicos no contexto de forma\u00e7\u00e3o cont\u00ednua<br>em uma unidade escolar da rede privada e outra da rede p\u00fablica da capital<br>paulista, examinadas por meio do processo cr\u00edtico colaborativo. Para tanto,<br>foram tra\u00e7ados os seguintes objetivos espec\u00edficos: a) descrever o tipo de<br>forma\u00e7\u00e3o que ocorreu nas unidades e b) analisar se, e como, essa forma\u00e7\u00e3o<br>permite o desenvolvimento cr\u00edtico-colaborativo dos professores. Os estudos<br>est\u00e3o apoiados nos conceitos centrais da Teoria da Atividade-S\u00f3cio-Hist\u00f3rica e<br>na forma\u00e7\u00e3o de professores na perspectiva cr\u00edtico colaborativa. A Metodologia<br>de pesquisa foi organizada por meio da Pesquisa Cr\u00edtico-Colaborativa, em que<br>participantes e pesquisadoras agiram juntos na reflex\u00e3o cr\u00edtica com vistas \u00e0<br>constru\u00e7\u00e3o de novas possibilidades da realidade a partir do processo de<br>pesquisa. O contexto da pesquisa da escola da rede particular \u00e9 uma unidade<br>de um Grupo Educacional, localizada na regi\u00e3o Norte da capital e a unidade da<br>rede p\u00fablica, uma escola localizada na regi\u00e3o Noroeste da cidade. A coleta e a<br>produ\u00e7\u00e3o de dados ocorreram por meio da observa\u00e7\u00e3o participante das<br>gestoras\/pesquisadoras no processo formativo nas unidades escolares<br>participantes. A an\u00e1lise dos dados teve como par\u00e2metro norteador as a\u00e7\u00f5es<br>da reflex\u00e3o cr\u00edtica \u2013 descrever, informar, confrontar e reconstruir \u2013 al\u00e9m das<br>categorias enunciativas, discursivas e lingu\u00edsticas da an\u00e1lise argumentativa. A<br>discuss\u00e3o dos dados aponta para a import\u00e2ncia do processo cr\u00edtico<br>colaborativo em l\u00f3cus na forma\u00e7\u00e3o cont\u00ednua, assim como indica que o di\u00e1logo<br>entre teoria e pr\u00e1tica necessita ser efetivamente colocado na ressignifica\u00e7\u00e3o<br>das atividades did\u00e1ticas da escola.<\/p>\n\n\n\n<p>Artigo completo: <a href=\"http:\/\/escolamulticultural.com.br\/blog\/wp-content\/uploads\/2022\/09\/O-gestor-e-a-construcao-da-linguagem-da-colaboracao-critica-na-rede-publica-e-privada-da-capital-paulista_Cristina-David_-Sandra-Santella_JILAC-BRASILIA.pdf\" data-type=\"URL\" data-id=\"http:\/\/escolamulticultural.com.br\/blog\/wp-content\/uploads\/2022\/09\/O-gestor-e-a-construcao-da-linguagem-da-colaboracao-critica-na-rede-publica-e-privada-da-capital-paulista_Cristina-David_-Sandra-Santella_JILAC-BRASILIA.pdf\">http:\/\/escolamulticultural.com.br\/blog\/wp-content\/uploads\/2022\/09\/O-gestor-e-a-construcao-da-linguagem-da-colaboracao-critica-na-rede-publica-e-privada-da-capital-paulista_Cristina-David_-Sandra-Santella_JILAC-BRASILIA.pdf<\/a><\/p>\n","protected":false},"excerpt":{"rendered":"<p>Este trabalho traz o relato de pesquisa de duas gestoras e o desenvolvimentode suas pesquisas no contexto da colabora\u00e7\u00e3o cr\u00edtica<\/p>\n","protected":false},"author":1,"featured_media":170,"comment_status":"open","ping_status":"open","sticky":false,"template":"","format":"standard","meta":[],"categories":[1],"tags":[],"_links":{"self":[{"href":"https:\/\/escolamulticultural.com.br\/blog\/index.php?rest_route=\/wp\/v2\/posts\/168"}],"collection":[{"href":"https:\/\/escolamulticultural.com.br\/blog\/index.php?rest_route=\/wp\/v2\/posts"}],"about":[{"href":"https:\/\/escolamulticultural.com.br\/blog\/index.php?rest_route=\/wp\/v2\/types\/post"}],"author":[{"embeddable":true,"href":"https:\/\/escolamulticultural.com.br\/blog\/index.php?rest_route=\/wp\/v2\/users\/1"}],"replies":[{"embeddable":true,"href":"https:\/\/escolamulticultural.com.br\/blog\/index.php?rest_route=%2Fwp%2Fv2%2Fcomments&post=168"}],"version-history":[{"count":1,"href":"https:\/\/escolamulticultural.com.br\/blog\/index.php?rest_route=\/wp\/v2\/posts\/168\/revisions"}],"predecessor-version":[{"id":171,"href":"https:\/\/escolamulticultural.com.br\/blog\/index.php?rest_route=\/wp\/v2\/posts\/168\/revisions\/171"}],"wp:featuredmedia":[{"embeddable":true,"href":"https:\/\/escolamulticultural.com.br\/blog\/index.php?rest_route=\/wp\/v2\/media\/170"}],"wp:attachment":[{"href":"https:\/\/escolamulticultural.com.br\/blog\/index.php?rest_route=%2Fwp%2Fv2%2Fmedia&parent=168"}],"wp:term":[{"taxonomy":"category","embeddable":true,"href":"https:\/\/escolamulticultural.com.br\/blog\/index.php?rest_route=%2Fwp%2Fv2%2Fcategories&post=168"},{"taxonomy":"post_tag","embeddable":true,"href":"https:\/\/escolamulticultural.com.br\/blog\/index.php?rest_route=%2Fwp%2Fv2%2Ftags&post=168"}],"curies":[{"name":"wp","href":"https:\/\/api.w.org\/{rel}","templated":true}]}}