{"id":163,"date":"2022-09-05T17:01:33","date_gmt":"2022-09-05T20:01:33","guid":{"rendered":"http:\/\/escolamulticultural.com.br\/blog\/?p=163"},"modified":"2022-09-05T17:01:33","modified_gmt":"2022-09-05T20:01:33","slug":"setembro-amarelo","status":"publish","type":"post","link":"https:\/\/escolamulticultural.com.br\/blog\/?p=163","title":{"rendered":"Setembro Amarelo"},"content":{"rendered":"\n<p>O Setembro Amarelo \u00e9 uma campanha de conscientiza\u00e7\u00e3o internacional realizada para<br>alertar a popula\u00e7\u00e3o sobre o suic\u00eddio, assunto que muita gente n\u00e3o gosta de falar, mas que \u00e9 uma<br>realidade que precisa ser conhecida e prevenida. \u00c9 um tema que requer aten\u00e7\u00e3o, da\u00ed a cor amarela<br>que identifica lugares, servi\u00e7os e folhetos que ajudam a divulgar o assunto. Afinal, depress\u00e3o e<br>suic\u00eddio n\u00e3o podem ser tabus.<\/p>\n\n\n\n<p>Artigo Completo: <a href=\"http:\/\/escolamulticultural.com.br\/blog\/wp-content\/uploads\/2022\/09\/Setembro-Amarelo-Boletim-Nutricional.pdf\" data-type=\"URL\" data-id=\"http:\/\/escolamulticultural.com.br\/blog\/wp-content\/uploads\/2022\/09\/Setembro-Amarelo-Boletim-Nutricional.pdf\">http:\/\/escolamulticultural.com.br\/blog\/wp-content\/uploads\/2022\/09\/Setembro-Amarelo-Boletim-Nutricional.pdf<\/a><\/p>\n","protected":false},"excerpt":{"rendered":"<p>O Setembro Amarelo \u00e9 uma campanha de conscientiza\u00e7\u00e3o internacional realizada paraalertar a popula\u00e7\u00e3o sobre o suic\u00eddio, assunto que muita gente<\/p>\n","protected":false},"author":1,"featured_media":165,"comment_status":"open","ping_status":"open","sticky":false,"template":"","format":"standard","meta":[],"categories":[1],"tags":[],"_links":{"self":[{"href":"https:\/\/escolamulticultural.com.br\/blog\/index.php?rest_route=\/wp\/v2\/posts\/163"}],"collection":[{"href":"https:\/\/escolamulticultural.com.br\/blog\/index.php?rest_route=\/wp\/v2\/posts"}],"about":[{"href":"https:\/\/escolamulticultural.com.br\/blog\/index.php?rest_route=\/wp\/v2\/types\/post"}],"author":[{"embeddable":true,"href":"https:\/\/escolamulticultural.com.br\/blog\/index.php?rest_route=\/wp\/v2\/users\/1"}],"replies":[{"embeddable":true,"href":"https:\/\/escolamulticultural.com.br\/blog\/index.php?rest_route=%2Fwp%2Fv2%2Fcomments&post=163"}],"version-history":[{"count":1,"href":"https:\/\/escolamulticultural.com.br\/blog\/index.php?rest_route=\/wp\/v2\/posts\/163\/revisions"}],"predecessor-version":[{"id":166,"href":"https:\/\/escolamulticultural.com.br\/blog\/index.php?rest_route=\/wp\/v2\/posts\/163\/revisions\/166"}],"wp:featuredmedia":[{"embeddable":true,"href":"https:\/\/escolamulticultural.com.br\/blog\/index.php?rest_route=\/wp\/v2\/media\/165"}],"wp:attachment":[{"href":"https:\/\/escolamulticultural.com.br\/blog\/index.php?rest_route=%2Fwp%2Fv2%2Fmedia&parent=163"}],"wp:term":[{"taxonomy":"category","embeddable":true,"href":"https:\/\/escolamulticultural.com.br\/blog\/index.php?rest_route=%2Fwp%2Fv2%2Fcategories&post=163"},{"taxonomy":"post_tag","embeddable":true,"href":"https:\/\/escolamulticultural.com.br\/blog\/index.php?rest_route=%2Fwp%2Fv2%2Ftags&post=163"}],"curies":[{"name":"wp","href":"https:\/\/api.w.org\/{rel}","templated":true}]}}