{"id":156,"date":"2022-08-22T11:22:25","date_gmt":"2022-08-22T14:22:25","guid":{"rendered":"http:\/\/escolamulticultural.com.br\/blog\/?p=156"},"modified":"2022-08-22T11:22:25","modified_gmt":"2022-08-22T14:22:25","slug":"critico-colaborativo-cadeia-criativa","status":"publish","type":"post","link":"https:\/\/escolamulticultural.com.br\/blog\/?p=156","title":{"rendered":"CR\u00cdTICO COLABORATIVO  CADEIA CRIATIVA"},"content":{"rendered":"\n<p>O presente artigo tem como base a pesquisa realizada por David-Silva<br>(2019), ainda em vias de defesa. Esta pesquisa surge de inquieta\u00e7\u00f5es e da<br>necessidade de reflex\u00e3o sobre questionamentos experenciados no cotidiano<br>escolar, vividos no ch\u00e3o da escola. Este trabalho teve como objetivo geral<br>investigar o processo formativo realizado por uma diretora-pesquisadora ao<br>longo de um projeto de forma\u00e7\u00e3o cont\u00ednua de Coordenadoras Pedag\u00f3gicas<br>iniciantes por meio do trabalho cr\u00edtico colaborativo e do desenvolvimento de<br>suas atividades na perspectiva da Cadeia Criativa.<\/p>\n\n\n\n<p>Artigo Completo: <a href=\"http:\/\/escolamulticultural.com.br\/blog\/wp-content\/uploads\/2022\/08\/Cristina_David_artigo_-CRITICO-COLABORATIVO-CADEIA-CRIATIVA-1.pdf\" data-type=\"URL\" data-id=\"http:\/\/escolamulticultural.com.br\/blog\/wp-content\/uploads\/2022\/08\/Cristina_David_artigo_-CRITICO-COLABORATIVO-CADEIA-CRIATIVA-1.pdf\">http:\/\/escolamulticultural.com.br\/blog\/wp-content\/uploads\/2022\/08\/Cristina_David_artigo_-CRITICO-COLABORATIVO-CADEIA-CRIATIVA-1.pdf<\/a><\/p>\n","protected":false},"excerpt":{"rendered":"<p>O presente artigo tem como base a pesquisa realizada por David-Silva(2019), ainda em vias de defesa. Esta pesquisa surge de<\/p>\n","protected":false},"author":1,"featured_media":82,"comment_status":"open","ping_status":"open","sticky":false,"template":"","format":"standard","meta":[],"categories":[1],"tags":[],"_links":{"self":[{"href":"https:\/\/escolamulticultural.com.br\/blog\/index.php?rest_route=\/wp\/v2\/posts\/156"}],"collection":[{"href":"https:\/\/escolamulticultural.com.br\/blog\/index.php?rest_route=\/wp\/v2\/posts"}],"about":[{"href":"https:\/\/escolamulticultural.com.br\/blog\/index.php?rest_route=\/wp\/v2\/types\/post"}],"author":[{"embeddable":true,"href":"https:\/\/escolamulticultural.com.br\/blog\/index.php?rest_route=\/wp\/v2\/users\/1"}],"replies":[{"embeddable":true,"href":"https:\/\/escolamulticultural.com.br\/blog\/index.php?rest_route=%2Fwp%2Fv2%2Fcomments&post=156"}],"version-history":[{"count":1,"href":"https:\/\/escolamulticultural.com.br\/blog\/index.php?rest_route=\/wp\/v2\/posts\/156\/revisions"}],"predecessor-version":[{"id":158,"href":"https:\/\/escolamulticultural.com.br\/blog\/index.php?rest_route=\/wp\/v2\/posts\/156\/revisions\/158"}],"wp:featuredmedia":[{"embeddable":true,"href":"https:\/\/escolamulticultural.com.br\/blog\/index.php?rest_route=\/wp\/v2\/media\/82"}],"wp:attachment":[{"href":"https:\/\/escolamulticultural.com.br\/blog\/index.php?rest_route=%2Fwp%2Fv2%2Fmedia&parent=156"}],"wp:term":[{"taxonomy":"category","embeddable":true,"href":"https:\/\/escolamulticultural.com.br\/blog\/index.php?rest_route=%2Fwp%2Fv2%2Fcategories&post=156"},{"taxonomy":"post_tag","embeddable":true,"href":"https:\/\/escolamulticultural.com.br\/blog\/index.php?rest_route=%2Fwp%2Fv2%2Ftags&post=156"}],"curies":[{"name":"wp","href":"https:\/\/api.w.org\/{rel}","templated":true}]}}