{"id":148,"date":"2022-08-09T14:17:44","date_gmt":"2022-08-09T17:17:44","guid":{"rendered":"http:\/\/escolamulticultural.com.br\/blog\/?p=148"},"modified":"2022-08-09T14:17:44","modified_gmt":"2022-08-09T17:17:44","slug":"agosto-laranja-uma-campanha-para-a-conscientizacao-sobre-a-esclerose-multipla","status":"publish","type":"post","link":"https:\/\/escolamulticultural.com.br\/blog\/?p=148","title":{"rendered":"AGOSTO LARANJA: UMA CAMPANHA PARA A CONSCIENTIZA\u00c7\u00c3O SOBRE A ESCLEROSE M\u00daLTIPLA"},"content":{"rendered":"\n<p>Desde 2006, com a institui\u00e7\u00e3o, pela Lei n\u00ba 11.303\/2006, do Dia Nacional de Conscientiza\u00e7\u00e3o sobre a Esclerose<br>M\u00faltipla (EM) no dia 30 de agosto, este m\u00eas passou a ser considerado um importante per\u00edodo para a<br>conscientiza\u00e7\u00e3o em rela\u00e7\u00e3o \u00e0 doen\u00e7a e \u00e0s priva\u00e7\u00f5es dos seus portadores em todo o pa\u00eds, passando a ser<br>chamado de Agosto Laranja. Hoje, a EM \u00e9 a doen\u00e7a neurol\u00f3gica que mais afeta jovens adultos no mundo, sendo<br>na sua maioria mulheres.<br>A inten\u00e7\u00e3o da Campanha \u00e9 chamar a aten\u00e7\u00e3o para a enfermidade que, mesmo rara, atinge uma m\u00e9dia de 35<br>mil pessoas no Brasil e 2,5 milh\u00f5es em todo o mundo, e ainda assim \u00e9 desconhecida por cerca de 80% da<br>popula\u00e7\u00e3o.<\/p>\n\n\n\n<p>Artigo completo: <a href=\"http:\/\/escolamulticultural.com.br\/blog\/wp-content\/uploads\/2022\/08\/Boletim-Nutricional-Agosto.pdf\" data-type=\"URL\" data-id=\"http:\/\/escolamulticultural.com.br\/blog\/wp-content\/uploads\/2022\/08\/Boletim-Nutricional-Agosto.pdf\">http:\/\/escolamulticultural.com.br\/blog\/wp-content\/uploads\/2022\/08\/Boletim-Nutricional-Agosto.pdf<\/a><\/p>\n","protected":false},"excerpt":{"rendered":"<p>Desde 2006, com a institui\u00e7\u00e3o, pela Lei n\u00ba 11.303\/2006, do Dia Nacional de Conscientiza\u00e7\u00e3o sobre a EscleroseM\u00faltipla (EM) no dia<\/p>\n","protected":false},"author":1,"featured_media":149,"comment_status":"open","ping_status":"open","sticky":false,"template":"","format":"standard","meta":[],"categories":[1],"tags":[],"_links":{"self":[{"href":"https:\/\/escolamulticultural.com.br\/blog\/index.php?rest_route=\/wp\/v2\/posts\/148"}],"collection":[{"href":"https:\/\/escolamulticultural.com.br\/blog\/index.php?rest_route=\/wp\/v2\/posts"}],"about":[{"href":"https:\/\/escolamulticultural.com.br\/blog\/index.php?rest_route=\/wp\/v2\/types\/post"}],"author":[{"embeddable":true,"href":"https:\/\/escolamulticultural.com.br\/blog\/index.php?rest_route=\/wp\/v2\/users\/1"}],"replies":[{"embeddable":true,"href":"https:\/\/escolamulticultural.com.br\/blog\/index.php?rest_route=%2Fwp%2Fv2%2Fcomments&post=148"}],"version-history":[{"count":2,"href":"https:\/\/escolamulticultural.com.br\/blog\/index.php?rest_route=\/wp\/v2\/posts\/148\/revisions"}],"predecessor-version":[{"id":155,"href":"https:\/\/escolamulticultural.com.br\/blog\/index.php?rest_route=\/wp\/v2\/posts\/148\/revisions\/155"}],"wp:featuredmedia":[{"embeddable":true,"href":"https:\/\/escolamulticultural.com.br\/blog\/index.php?rest_route=\/wp\/v2\/media\/149"}],"wp:attachment":[{"href":"https:\/\/escolamulticultural.com.br\/blog\/index.php?rest_route=%2Fwp%2Fv2%2Fmedia&parent=148"}],"wp:term":[{"taxonomy":"category","embeddable":true,"href":"https:\/\/escolamulticultural.com.br\/blog\/index.php?rest_route=%2Fwp%2Fv2%2Fcategories&post=148"},{"taxonomy":"post_tag","embeddable":true,"href":"https:\/\/escolamulticultural.com.br\/blog\/index.php?rest_route=%2Fwp%2Fv2%2Ftags&post=148"}],"curies":[{"name":"wp","href":"https:\/\/api.w.org\/{rel}","templated":true}]}}