{"id":142,"date":"2022-08-08T09:06:17","date_gmt":"2022-08-08T12:06:17","guid":{"rendered":"http:\/\/escolamulticultural.com.br\/blog\/?p=142"},"modified":"2022-08-08T09:06:17","modified_gmt":"2022-08-08T12:06:17","slug":"o-trabalho-critico-colaborativo-da-gestao-escolar-pedagogica-em-perspectiva-de-cadeia-criativa","status":"publish","type":"post","link":"https:\/\/escolamulticultural.com.br\/blog\/?p=142","title":{"rendered":"O TRABALHO CR\u00cdTICO COLABORATIVO DA GEST\u00c3O ESCOLAR PEDAG\u00d3GICA EM PERSPECTIVA DE CADEIA CRIATIVA"},"content":{"rendered":"\n<p>O presente artigo tem como base a pesquisa realizada por David-Silva<br>(2019), ainda em vias de defesa. Esta pesquisa surge de inquieta\u00e7\u00f5es e da<br>necessidade de reflex\u00e3o sobre questionamentos experenciados no cotidiano<br>escolar, vividos no ch\u00e3o da escola. Este trabalho teve como objetivo geral<br>investigar o processo formativo realizado por uma diretora-pesquisadora ao<br>longo de um projeto de forma\u00e7\u00e3o cont\u00ednua de Coordenadoras Pedag\u00f3gicas<br>iniciantes por meio do trabalho cr\u00edtico colaborativo e do desenvolvimento de<br>suas atividades na perspectiva da Cadeia Criativa.<\/p>\n\n\n\n<p>Artigo completo: <a href=\"http:\/\/escolamulticultural.com.br\/blog\/wp-content\/uploads\/2022\/08\/Cristina_David_artigo_-CRITICO-COLABORATIVO-CADEIA-CRIATIVA.pdf\" data-type=\"URL\" data-id=\"http:\/\/escolamulticultural.com.br\/blog\/wp-content\/uploads\/2022\/08\/Cristina_David_artigo_-CRITICO-COLABORATIVO-CADEIA-CRIATIVA.pdf\">http:\/\/escolamulticultural.com.br\/blog\/wp-content\/uploads\/2022\/08\/Cristina_David_artigo_-CRITICO-COLABORATIVO-CADEIA-CRIATIVA.pdf<\/a><\/p>\n","protected":false},"excerpt":{"rendered":"<p>O presente artigo tem como base a pesquisa realizada por David-Silva(2019), ainda em vias de defesa. Esta pesquisa surge de<\/p>\n","protected":false},"author":1,"featured_media":144,"comment_status":"open","ping_status":"open","sticky":false,"template":"","format":"standard","meta":[],"categories":[1],"tags":[],"_links":{"self":[{"href":"https:\/\/escolamulticultural.com.br\/blog\/index.php?rest_route=\/wp\/v2\/posts\/142"}],"collection":[{"href":"https:\/\/escolamulticultural.com.br\/blog\/index.php?rest_route=\/wp\/v2\/posts"}],"about":[{"href":"https:\/\/escolamulticultural.com.br\/blog\/index.php?rest_route=\/wp\/v2\/types\/post"}],"author":[{"embeddable":true,"href":"https:\/\/escolamulticultural.com.br\/blog\/index.php?rest_route=\/wp\/v2\/users\/1"}],"replies":[{"embeddable":true,"href":"https:\/\/escolamulticultural.com.br\/blog\/index.php?rest_route=%2Fwp%2Fv2%2Fcomments&post=142"}],"version-history":[{"count":1,"href":"https:\/\/escolamulticultural.com.br\/blog\/index.php?rest_route=\/wp\/v2\/posts\/142\/revisions"}],"predecessor-version":[{"id":145,"href":"https:\/\/escolamulticultural.com.br\/blog\/index.php?rest_route=\/wp\/v2\/posts\/142\/revisions\/145"}],"wp:featuredmedia":[{"embeddable":true,"href":"https:\/\/escolamulticultural.com.br\/blog\/index.php?rest_route=\/wp\/v2\/media\/144"}],"wp:attachment":[{"href":"https:\/\/escolamulticultural.com.br\/blog\/index.php?rest_route=%2Fwp%2Fv2%2Fmedia&parent=142"}],"wp:term":[{"taxonomy":"category","embeddable":true,"href":"https:\/\/escolamulticultural.com.br\/blog\/index.php?rest_route=%2Fwp%2Fv2%2Fcategories&post=142"},{"taxonomy":"post_tag","embeddable":true,"href":"https:\/\/escolamulticultural.com.br\/blog\/index.php?rest_route=%2Fwp%2Fv2%2Ftags&post=142"}],"curies":[{"name":"wp","href":"https:\/\/api.w.org\/{rel}","templated":true}]}}