{"id":132,"date":"2022-07-18T10:11:39","date_gmt":"2022-07-18T13:11:39","guid":{"rendered":"http:\/\/escolamulticultural.com.br\/blog\/?p=132"},"modified":"2022-07-18T10:11:39","modified_gmt":"2022-07-18T13:11:39","slug":"brincada-dos-gestores-o-trabalho-da-gestao-escolar-e-a-colaboracao-critica-em-contexto-de-pandemia","status":"publish","type":"post","link":"https:\/\/escolamulticultural.com.br\/blog\/?p=132","title":{"rendered":"BRINCADA DOS GESTORES: O TRABALHO DA GEST\u00c3O ESCOLAR E A COLABORA\u00c7\u00c3O CR\u00cdTICA EM CONTEXTO DE PANDEMIA"},"content":{"rendered":"\n<p>As orienta\u00e7\u00f5es do distanciamento social como forma de evitar o cont\u00e1gio da doen\u00e7a COVID-19 organizaram a rotina de estudantes e professores no ano de 2020. A presen\u00e7a das atividades remotas foi instaurada e os desafios do distanciamento social foram intensificados. Este trabalho apresenta considera\u00e7\u00f5es de como gestoras do ensino p\u00fablico e privado agiram quanto \u00e0s suspens\u00f5es de aulas e no \u00e2mbito da forma\u00e7\u00e3o dos docentes, tomando como referencial a proposta cr\u00edtico-colaborativa, por meio das experi\u00eancias vivenciadas por pesquisadoras nas redes privada e municipal de S\u00e3o Paulo no Projeto Brincadas. Tomamos como objetivo discutir o desenvolvimento dos gestores na constru\u00e7\u00e3o colaborativa cr\u00edtica em situa\u00e7\u00e3o de pandemia. Os estudos est\u00e3o baseados nos conceitos centrais da Teoria da Atividade S\u00f3cio-Hist\u00f3rico-Cultural (TASHC) e da forma\u00e7\u00e3o e atua\u00e7\u00e3o dos gestores sob a perspectiva cr\u00edtico-colaborativa. As a\u00e7\u00f5es das pesquisadoras foram realizadas por meio da metodologia da Pesquisa Cr\u00edtica de Colabora\u00e7\u00e3o (PCCol), pensando a transforma\u00e7\u00e3o intencional de contextos e dos participantes. A coleta e a produ\u00e7\u00e3o de dados ocorreram por meio da observa\u00e7\u00e3o participante das pesquisadoras durante os encontros virtuais da Brincada de Gestores, que fazem parte do Projeto Brincadas. Os resultados apontam para a import\u00e2ncia do processo cr\u00edtico-colaborativo em espa\u00e7o privilegiado para articular a\u00e7\u00f5es de transforma\u00e7\u00e3o da pr\u00e1tica.<\/p>\n\n\n\n<p><a href=\"http:\/\/escolamulticultural.com.br\/blog\/wp-content\/uploads\/2022\/07\/BRINCADA-DOS-GESTORES_O-TRABALHO-DA-GESTAO-ESCOLAR-E-A-COLABORACAO-CRITICA-EM-CONTEXTO-DE-PANDEMIA_Cris_CRisR_Sand.pdf\" data-type=\"URL\" data-id=\"http:\/\/escolamulticultural.com.br\/blog\/wp-content\/uploads\/2022\/07\/BRINCADA-DOS-GESTORES_O-TRABALHO-DA-GESTAO-ESCOLAR-E-A-COLABORACAO-CRITICA-EM-CONTEXTO-DE-PANDEMIA_Cris_CRisR_Sand.pdf\">http:\/\/escolamulticultural.com.br\/blog\/wp-content\/uploads\/2022\/07\/BRINCADA-DOS-GESTORES_O-TRABALHO-DA-GESTAO-ESCOLAR-E-A-COLABORACAO-CRITICA-EM-CONTEXTO-DE-PANDEMIA_Cris_CRisR_Sand.pdf<\/a><\/p>\n\n\n\n<p><\/p>\n","protected":false},"excerpt":{"rendered":"<p>As orienta\u00e7\u00f5es do distanciamento social como forma de evitar o cont\u00e1gio da doen\u00e7a COVID-19 organizaram a rotina de estudantes e<\/p>\n","protected":false},"author":1,"featured_media":136,"comment_status":"open","ping_status":"open","sticky":false,"template":"","format":"standard","meta":[],"categories":[1],"tags":[],"_links":{"self":[{"href":"https:\/\/escolamulticultural.com.br\/blog\/index.php?rest_route=\/wp\/v2\/posts\/132"}],"collection":[{"href":"https:\/\/escolamulticultural.com.br\/blog\/index.php?rest_route=\/wp\/v2\/posts"}],"about":[{"href":"https:\/\/escolamulticultural.com.br\/blog\/index.php?rest_route=\/wp\/v2\/types\/post"}],"author":[{"embeddable":true,"href":"https:\/\/escolamulticultural.com.br\/blog\/index.php?rest_route=\/wp\/v2\/users\/1"}],"replies":[{"embeddable":true,"href":"https:\/\/escolamulticultural.com.br\/blog\/index.php?rest_route=%2Fwp%2Fv2%2Fcomments&post=132"}],"version-history":[{"count":2,"href":"https:\/\/escolamulticultural.com.br\/blog\/index.php?rest_route=\/wp\/v2\/posts\/132\/revisions"}],"predecessor-version":[{"id":135,"href":"https:\/\/escolamulticultural.com.br\/blog\/index.php?rest_route=\/wp\/v2\/posts\/132\/revisions\/135"}],"wp:featuredmedia":[{"embeddable":true,"href":"https:\/\/escolamulticultural.com.br\/blog\/index.php?rest_route=\/wp\/v2\/media\/136"}],"wp:attachment":[{"href":"https:\/\/escolamulticultural.com.br\/blog\/index.php?rest_route=%2Fwp%2Fv2%2Fmedia&parent=132"}],"wp:term":[{"taxonomy":"category","embeddable":true,"href":"https:\/\/escolamulticultural.com.br\/blog\/index.php?rest_route=%2Fwp%2Fv2%2Fcategories&post=132"},{"taxonomy":"post_tag","embeddable":true,"href":"https:\/\/escolamulticultural.com.br\/blog\/index.php?rest_route=%2Fwp%2Fv2%2Ftags&post=132"}],"curies":[{"name":"wp","href":"https:\/\/api.w.org\/{rel}","templated":true}]}}