{"id":128,"date":"2022-06-29T16:59:19","date_gmt":"2022-06-29T19:59:19","guid":{"rendered":"http:\/\/escolamulticultural.com.br\/blog\/?p=128"},"modified":"2022-06-29T16:59:19","modified_gmt":"2022-06-29T19:59:19","slug":"por-que-e-tao-importante-manter-a-rotina-de-sono-nas-ferias","status":"publish","type":"post","link":"https:\/\/escolamulticultural.com.br\/blog\/?p=128","title":{"rendered":"Por que \u00e9 t\u00e3o importante manter a rotina de sono nas f\u00e9rias"},"content":{"rendered":"\n<p>Como garantir que as crian\u00e7as v\u00e3o dormir bem nas f\u00e9rias<br>Tudo \u00e9 uma quest\u00e3o de rotina, ou de ficar mais perto dela o poss\u00edvel. No caso da rotina para dormir, ela recebe o nome de higiene do sono. Mesmo com os hor\u00e1rios alterados pela falta da escola, alguns h\u00e1bitos podem ajudar a noite a ser um pouquinho mais f\u00e1cil.<\/p>\n\n\n\n<ol><li><strong>De prefer\u00eancia, que a crian\u00e7a v\u00e1 acordada para a cama<br><\/strong>A tenta\u00e7\u00e3o de deixar as crian\u00e7as adormecerem no sof\u00e1 ou na cama dos pais e s\u00f3 depois lev\u00e1-las para o quarto \u00e9 grande, mas sempre que poss\u00edvel isso deve ser evitado. \u00c9 importante que desde pequenas elas aprendam a pegar no sono no seu pr\u00f3prio espa\u00e7o.<br>Al\u00e9m disso, \u00e9 poss\u00edvel que elas se assustem se acordarem no meio da noite e perceberem que dormiram em um lugar, mas agora est\u00e3o em outro.<br>Claro que, se seu filho j\u00e1 est\u00e1 dormindo, voc\u00ea n\u00e3o deve acord\u00e1-lo apenas para levar para a cama, mas quando come\u00e7ar a perceber que a sonol\u00eancia est\u00e1 aparecendo, \u00e9 hora de tomar o rumo do quarto.<\/li><li><strong>Na medida do poss\u00edvel, respeite os hor\u00e1rios<br><\/strong>Isso n\u00e3o vale somente para o sono noturno. Para os mais novos, que ainda est\u00e3o na fase de tirar sonecas ao longo do dia, \u00e9 importante respeitar essa rotina tamb\u00e9m para n\u00e3o desregularizar a hora de dormir.<br>Se a fam\u00edlia estiver viajando, ajustar a agenda de atividades e passeios para acomodar o cochilo em momentos de hotel ou carro \u00e9 a solu\u00e7\u00e3o ideal. Acredite: voc\u00ea vai agradecer depois.<\/li><li><strong>Mantenha (ou crie) uma rotina para o sono nas f\u00e9rias<br><\/strong>A sequ\u00eancia de a\u00e7\u00f5es ou atividades da crian\u00e7a antes de ir para a cama \u00e9 importante para que ela comece a aprender sobre a higiene do sono e ainda mais para que ela saiba quando \u00e9 hora de come\u00e7ar a se preparar para dormir (mesmo que ainda n\u00e3o perceba isso claramente).<br>Para os mais novos, em casa ou em viagem, mantenha a regularidade da hora do sono: um banho morno, talvez um snack ou leite, uma hist\u00f3ria e depois luz apagada. A rotina \u00e9 individual de cada fam\u00edlia, mas mant\u00ea-la \u00e9 para todos.<\/li><li><strong>Gaste energia<br><\/strong>Esse vale para todas as idades! A energia acumulada ao longo do dia pode dificultar a hora de dormir \u00e0 noite. Por isso \u00e9 importante que crian\u00e7as, adolescentes e adultos \u201cgastem\u201d tudo o que tiverem que gastar antes de a noite chegar. Sabe aquela sensa\u00e7\u00e3o de \u201cestava t\u00e3o cansado que ca\u00ed duro na cama\u201d? \u00c9 ela mesma que estamos buscando.<br>Programar para as f\u00e9rias atividades que consumam energia, f\u00edsica e mental, ajuda a hora de dormir a ser mais tranquila, al\u00e9m de ser importante para a sa\u00fade.<\/li><li><strong>Divirta-se!<br><\/strong>Estamos falando de f\u00e9rias. Regularidade do sono \u00e9 importante e vai facilitar a volta \u00e0 rotina na retomada das aulas, mas s\u00e3o f\u00e9rias. Tudo bem se a crian\u00e7ada for para a cama mais tarde alguns dias ou se se levantarem depois algumas vezes.<br>Fonte Texto: https:\/\/www.persono.com.br\/insights\/sono-e-ciencia\/rotina-de-sono-nas-ferias<br>Fonte Imagem: <a href=\"https:\/\/br.freepik.com\/fotos-vetores-gratis\/crianca-dormindo\">Crian\u00e7a dormindo foto criado por gpointstudio &#8211; br.freepik.com<\/a><\/li><\/ol>\n\n\n\n<p><\/p>\n","protected":false},"excerpt":{"rendered":"<p>Como garantir que as crian\u00e7as v\u00e3o dormir bem nas f\u00e9riasTudo \u00e9 uma quest\u00e3o de rotina, ou de ficar mais perto<\/p>\n","protected":false},"author":1,"featured_media":129,"comment_status":"open","ping_status":"open","sticky":false,"template":"","format":"standard","meta":[],"categories":[1],"tags":[],"_links":{"self":[{"href":"https:\/\/escolamulticultural.com.br\/blog\/index.php?rest_route=\/wp\/v2\/posts\/128"}],"collection":[{"href":"https:\/\/escolamulticultural.com.br\/blog\/index.php?rest_route=\/wp\/v2\/posts"}],"about":[{"href":"https:\/\/escolamulticultural.com.br\/blog\/index.php?rest_route=\/wp\/v2\/types\/post"}],"author":[{"embeddable":true,"href":"https:\/\/escolamulticultural.com.br\/blog\/index.php?rest_route=\/wp\/v2\/users\/1"}],"replies":[{"embeddable":true,"href":"https:\/\/escolamulticultural.com.br\/blog\/index.php?rest_route=%2Fwp%2Fv2%2Fcomments&post=128"}],"version-history":[{"count":1,"href":"https:\/\/escolamulticultural.com.br\/blog\/index.php?rest_route=\/wp\/v2\/posts\/128\/revisions"}],"predecessor-version":[{"id":130,"href":"https:\/\/escolamulticultural.com.br\/blog\/index.php?rest_route=\/wp\/v2\/posts\/128\/revisions\/130"}],"wp:featuredmedia":[{"embeddable":true,"href":"https:\/\/escolamulticultural.com.br\/blog\/index.php?rest_route=\/wp\/v2\/media\/129"}],"wp:attachment":[{"href":"https:\/\/escolamulticultural.com.br\/blog\/index.php?rest_route=%2Fwp%2Fv2%2Fmedia&parent=128"}],"wp:term":[{"taxonomy":"category","embeddable":true,"href":"https:\/\/escolamulticultural.com.br\/blog\/index.php?rest_route=%2Fwp%2Fv2%2Fcategories&post=128"},{"taxonomy":"post_tag","embeddable":true,"href":"https:\/\/escolamulticultural.com.br\/blog\/index.php?rest_route=%2Fwp%2Fv2%2Ftags&post=128"}],"curies":[{"name":"wp","href":"https:\/\/api.w.org\/{rel}","templated":true}]}}