{"id":122,"date":"2022-06-29T15:31:56","date_gmt":"2022-06-29T18:31:56","guid":{"rendered":"http:\/\/escolamulticultural.com.br\/blog\/?p=122"},"modified":"2022-06-29T15:33:48","modified_gmt":"2022-06-29T18:33:48","slug":"a-reinvenc%cc%a7a%cc%83o-da-escola","status":"publish","type":"post","link":"https:\/\/escolamulticultural.com.br\/blog\/?p=122","title":{"rendered":"A REINVENC\u0327A\u0303O DA ESCOLA"},"content":{"rendered":"\n<p>As aulas presenciais foram suspensas no dia 23 de mar\u00e7o de 2020, quando o<br>governo do Estado de S\u00e3o Paulo antecipou o per\u00edodo de f\u00e9rias e recesso escolar para<br>minimizar a propaga\u00e7\u00e3o do novo coronav\u00edrus. Todas as escolas suspenderam as aulas<br>presenciais e imediatamente agiram para dar continuidade aos estudos por meio de<br>aulas com recursos remotos<\/p>\n\n\n\n<p>Pensar a escola para cada casa foi, de fato, uma tarefa muito dif\u00edcil para os<br>professores e para n\u00f3s, gestoras de escolas voltadas \u00e0 educa\u00e7\u00e3o da inf\u00e2ncia. N\u00f3s, que<br>sempre nos colocamos contr\u00e1rias ao excesso de telas para as crian\u00e7as, tivemos que<br>entender o que, naquele momento, era poss\u00edvel de ser feito. &#8220;A experi\u00eancia das<br>irrup\u00e7\u00f5es do inesperado na hist\u00f3ria penetrou com dificuldade nas consci\u00eancias. A<br>chegada do imprevisto era previs\u00edvel, mas n\u00e3o sua natureza&#8221;, escreve o fil\u00f3sofo<br>franc\u00eas Edgar Morin (2020).<\/p>\n\n\n\n<p>Artigo Completo:  <a href=\"http:\/\/escolamulticultural.com.br\/blog\/wp-content\/uploads\/2022\/06\/A-REINVENC\u0327A\u0303O-DA-ESCOLA_Cris_David_Cris_Ramos.pdf\" data-type=\"URL\" data-id=\"http:\/\/escolamulticultural.com.br\/blog\/wp-content\/uploads\/2022\/06\/A-REINVENC\u0327A\u0303O-DA-ESCOLA_Cris_David_Cris_Ramos.pdf\">http:\/\/escolamulticultural.com.br\/blog\/wp-content\/uploads\/2022\/06\/A-REINVENC\u0327A\u0303O-DA-ESCOLA_Cris_David_Cris_Ramos.pdf<\/a><\/p>\n","protected":false},"excerpt":{"rendered":"<p>As aulas presenciais foram suspensas no dia 23 de mar\u00e7o de 2020, quando ogoverno do Estado de S\u00e3o Paulo antecipou<\/p>\n","protected":false},"author":1,"featured_media":125,"comment_status":"open","ping_status":"open","sticky":false,"template":"","format":"standard","meta":[],"categories":[1],"tags":[],"_links":{"self":[{"href":"https:\/\/escolamulticultural.com.br\/blog\/index.php?rest_route=\/wp\/v2\/posts\/122"}],"collection":[{"href":"https:\/\/escolamulticultural.com.br\/blog\/index.php?rest_route=\/wp\/v2\/posts"}],"about":[{"href":"https:\/\/escolamulticultural.com.br\/blog\/index.php?rest_route=\/wp\/v2\/types\/post"}],"author":[{"embeddable":true,"href":"https:\/\/escolamulticultural.com.br\/blog\/index.php?rest_route=\/wp\/v2\/users\/1"}],"replies":[{"embeddable":true,"href":"https:\/\/escolamulticultural.com.br\/blog\/index.php?rest_route=%2Fwp%2Fv2%2Fcomments&post=122"}],"version-history":[{"count":2,"href":"https:\/\/escolamulticultural.com.br\/blog\/index.php?rest_route=\/wp\/v2\/posts\/122\/revisions"}],"predecessor-version":[{"id":127,"href":"https:\/\/escolamulticultural.com.br\/blog\/index.php?rest_route=\/wp\/v2\/posts\/122\/revisions\/127"}],"wp:featuredmedia":[{"embeddable":true,"href":"https:\/\/escolamulticultural.com.br\/blog\/index.php?rest_route=\/wp\/v2\/media\/125"}],"wp:attachment":[{"href":"https:\/\/escolamulticultural.com.br\/blog\/index.php?rest_route=%2Fwp%2Fv2%2Fmedia&parent=122"}],"wp:term":[{"taxonomy":"category","embeddable":true,"href":"https:\/\/escolamulticultural.com.br\/blog\/index.php?rest_route=%2Fwp%2Fv2%2Fcategories&post=122"},{"taxonomy":"post_tag","embeddable":true,"href":"https:\/\/escolamulticultural.com.br\/blog\/index.php?rest_route=%2Fwp%2Fv2%2Ftags&post=122"}],"curies":[{"name":"wp","href":"https:\/\/api.w.org\/{rel}","templated":true}]}}