{"id":117,"date":"2022-06-22T08:54:44","date_gmt":"2022-06-22T11:54:44","guid":{"rendered":"http:\/\/escolamulticultural.com.br\/blog\/?p=117"},"modified":"2022-06-22T08:54:44","modified_gmt":"2022-06-22T11:54:44","slug":"a-formacao-continua-na-escola-e-o-papel-do-gestor-na-construcao-de-espacos-de-colaboracao-critica","status":"publish","type":"post","link":"https:\/\/escolamulticultural.com.br\/blog\/?p=117","title":{"rendered":"A forma\u00e7\u00e3o cont\u00ednua na escola e o papel do gestor na constru\u00e7\u00e3o de espa\u00e7os de colabora\u00e7\u00e3o cr\u00edtica"},"content":{"rendered":"\n<p class=\"has-text-align-left\">Este artigo aborda a import\u00e2ncia da forma\u00e7\u00e3o cont\u00ednua de professores e coordenadores pedag\u00f3gicos, tomando como referencial a proposta cr\u00edtico- colaborativa, por meio das experi\u00eancias vivenciadas por pesquisadoras nas redes privada e municipal de S\u00e3o Paulo e do relato de pesquisa do Mestrado Profissional em Educa\u00e7\u00e3o. Tomamos como objetivo compreender a import\u00e2ncia do papel do gestor-formador na forma\u00e7\u00e3o cont\u00ednua de professores e coordenadores pedag\u00f3gicos. Os estudos est\u00e3o baseados nos conceitos centrais da Teoria da Atividade S\u00f3cio-Hist\u00f3rico-Cultural e da forma\u00e7\u00e3o cont\u00ednua sob a perspectiva cr\u00edtico-colaborativa. As a\u00e7\u00f5es das pesquisadoras foram realizadas por meio da metodologia da Pesquisa Cr\u00edtica de Colabora\u00e7\u00e3o, pensando a transforma\u00e7\u00e3o intencional de contextos e dos participantes. A coleta e a produ\u00e7\u00e3o de dados ocorreram por meio da observa\u00e7\u00e3o participante das pesquisadoras durante o processo formativo. Os resultados apontam para a import\u00e2ncia da promo\u00e7\u00e3o do processo cr\u00edtico-colaborativo em espa\u00e7o privilegiado na forma\u00e7\u00e3o cont\u00ednua para articular a\u00e7\u00f5es de transforma\u00e7\u00e3o da pr\u00e1tica.<\/p>\n\n\n\n<p class=\"has-text-align-left\"><a href=\"http:\/\/escolamulticultural.com.br\/blog\/wp-content\/uploads\/2022\/06\/A-formacao-continua-na-escola-e-o-papel-do-gestor_Cris_Fern_Sand-1.pdf\" data-type=\"URL\" data-id=\"http:\/\/escolamulticultural.com.br\/blog\/wp-content\/uploads\/2022\/06\/A-formacao-continua-na-escola-e-o-papel-do-gestor_Cris_Fern_Sand-1.pdf\">http:\/\/escolamulticultural.com.br\/blog\/wp-content\/uploads\/2022\/06\/A-formacao-continua-na-escola-e-o-papel-do-gestor_Cris_Fern_Sand-1.pdf<\/a><\/p>\n","protected":false},"excerpt":{"rendered":"<p>Este artigo aborda a import\u00e2ncia da forma\u00e7\u00e3o cont\u00ednua de professores e coordenadores pedag\u00f3gicos, tomando como referencial a proposta cr\u00edtico- colaborativa,<\/p>\n","protected":false},"author":1,"featured_media":120,"comment_status":"open","ping_status":"open","sticky":false,"template":"","format":"standard","meta":[],"categories":[1],"tags":[],"_links":{"self":[{"href":"https:\/\/escolamulticultural.com.br\/blog\/index.php?rest_route=\/wp\/v2\/posts\/117"}],"collection":[{"href":"https:\/\/escolamulticultural.com.br\/blog\/index.php?rest_route=\/wp\/v2\/posts"}],"about":[{"href":"https:\/\/escolamulticultural.com.br\/blog\/index.php?rest_route=\/wp\/v2\/types\/post"}],"author":[{"embeddable":true,"href":"https:\/\/escolamulticultural.com.br\/blog\/index.php?rest_route=\/wp\/v2\/users\/1"}],"replies":[{"embeddable":true,"href":"https:\/\/escolamulticultural.com.br\/blog\/index.php?rest_route=%2Fwp%2Fv2%2Fcomments&post=117"}],"version-history":[{"count":1,"href":"https:\/\/escolamulticultural.com.br\/blog\/index.php?rest_route=\/wp\/v2\/posts\/117\/revisions"}],"predecessor-version":[{"id":119,"href":"https:\/\/escolamulticultural.com.br\/blog\/index.php?rest_route=\/wp\/v2\/posts\/117\/revisions\/119"}],"wp:featuredmedia":[{"embeddable":true,"href":"https:\/\/escolamulticultural.com.br\/blog\/index.php?rest_route=\/wp\/v2\/media\/120"}],"wp:attachment":[{"href":"https:\/\/escolamulticultural.com.br\/blog\/index.php?rest_route=%2Fwp%2Fv2%2Fmedia&parent=117"}],"wp:term":[{"taxonomy":"category","embeddable":true,"href":"https:\/\/escolamulticultural.com.br\/blog\/index.php?rest_route=%2Fwp%2Fv2%2Fcategories&post=117"},{"taxonomy":"post_tag","embeddable":true,"href":"https:\/\/escolamulticultural.com.br\/blog\/index.php?rest_route=%2Fwp%2Fv2%2Ftags&post=117"}],"curies":[{"name":"wp","href":"https:\/\/api.w.org\/{rel}","templated":true}]}}